{"id":15899,"date":"2024-06-02T21:16:00","date_gmt":"2024-06-03T00:16:00","guid":{"rendered":"https:\/\/dev.animativa.com\/as-supostas-mensagens-subliminares-em-alice-no-pais-das-maravilhas\/"},"modified":"2024-11-14T17:34:28","modified_gmt":"2024-11-14T20:34:28","slug":"as-supostas-mensagens-subliminares-em-alice-no-pais-das-maravilhas","status":"publish","type":"post","link":"https:\/\/www.animativa.com\/pt-br\/blog\/as-supostas-mensagens-subliminares-em-alice-no-pais-das-maravilhas\/","title":{"rendered":"As supostas mensagens subliminares em Alice no Pa\u00eds das Maravilhas"},"content":{"rendered":"<p>Para entender de verdade o que significa cair na toca do coelho, n\u00e3o basta apenas ler o livro \u201cAlice no Pa\u00eds das Maravilhas\u201d.<\/p>\n<p>A obra fant\u00e1stica de <a href=\"https:\/\/www.ebiografia.com\/lewis_carroll\/\" target=\"_blank\" rel=\"noopener\" data-type=\"link\" data-id=\"https:\/\/www.ebiografia.com\/lewis_carroll\/\">Lewis Carroll<\/a> (1832-1898), com seus bolos m\u00e1gicos, portas secretas, gatos sorridentes e tartarugas fict\u00edcias, nunca deixou de ser impressa desde sua primeira publica\u00e7\u00e3o. Um s\u00e9culo e meio ap\u00f3s seu lan\u00e7amento, a hist\u00f3ria j\u00e1 inspirou filmes, pinturas, bal\u00e9 e jogos de computador. Existe at\u00e9 uma s\u00edndrome neurol\u00f3gica que leva seu nome.<\/p>\n<p>E apesar de ser uma obra<a href=\"https:\/\/www.animativa.com\/pt-br\/blog\/impacto-da-papelaria-no-desenvolvimento-infantil\/\" data-type=\"link\" data-id=\"https:\/\/www.animativa.com\/pt-br\/blog\/impacto-da-papelaria-no-desenvolvimento-infantil\/\"> infantil<\/a>, n\u00e3o t\u00e3o infantil assim, esconde algumas mensagens subliminares que, verdadeiras ou n\u00e3o, nos fazem, no m\u00ednimo, pensar\u2026<\/p>\n<p><iframe title=\"Alice in Wonderland 3 |Alice in Otherland | Official Trailer 2025\" width=\"500\" height=\"281\" src=\"https:\/\/www.youtube.com\/embed\/9ZfUNKGq0Bk?feature=oembed\" frameborder=\"0\" allow=\"accelerometer; autoplay; clipboard-write; encrypted-media; gyroscope; picture-in-picture; web-share\" referrerpolicy=\"strict-origin-when-cross-origin\" allowfullscreen><\/iframe><\/p>\n<h2 class=\"wp-block-heading\">A Obra<\/h2>\n<p>As Aventuras de Alice no Pa\u00eds das Maravilhas, frequentemente abreviado para Alice no Pa\u00eds das Maravilhas (Alice in Wonderland), \u00e9 a obra infantil mais famosa de Charles Lutwidge Dodgson, publicada em 4 de julho de 1865 sob o pseud\u00f4nimo de Lewis Carroll.<\/p>\n<p>O livro narra a hist\u00f3ria de uma menina chamada Alice que cai em uma toca de coelho, transportando-a para um mundo fant\u00e1stico habitado por criaturas peculiares e antropom\u00f3rficas, revelando uma l\u00f3gica absurda caracter\u00edstica dos sonhos. Est\u00e1 repleto de alus\u00f5es sat\u00edricas dirigidas a amigos e inimigos de Carroll, par\u00f3dias de poemas infantis populares na Inglaterra do s\u00e9culo XIX e refer\u00eancias lingu\u00edsticas e matem\u00e1ticas, frequentemente apresentadas como enigmas, o que contribuiu para sua popularidade.<\/p>\n<p>O livro tem uma continua\u00e7\u00e3o intitulada Alice do Outro Lado do Espelho, e ambos influenciaram diversas obras, como The League of Extraordinary Gentlemen, de Alan Moore, e Sandman, de Neil Gaiman.<\/p>\n<h2 class=\"wp-block-heading\">As<em> (Supostas)<\/em> Mensagens Subliminares<\/h2>\n<h3 class=\"wp-block-heading\">1. O encolhimento e o crescimento de Alice<\/h3>\n<figure class=\"wp-block-image size-large\"><img fetchpriority=\"high\" decoding=\"async\" class=\"wp-image-12995\" title=\"\" src=\"https:\/\/www.animativa.com\/wp-content\/uploads\/2024\/06\/alice-no-pais-das-maravilhas-1024x749.jpg\" alt=\"As supostas mensagens subliminares em Alice no Pa\u00eds das Maravilhas\n\" width=\"1024\" height=\"749\" \/><\/figure>\n<p>Quando Alice comia um bolo ou bebia uma bebida, ela crescia ou encolhia e temia desaparecer completamente. Mesmo sem uma raz\u00e3o aparente para essas mudan\u00e7as em seu corpo, os cientistas t\u00eam tr\u00eas interpreta\u00e7\u00f5es sobre a mensagem subliminar por tr\u00e1s dessa situa\u00e7\u00e3o:<\/p>\n<ol>\n<li>O corpo de Alice muda semelhantemente ao de uma adolescente durante a puberdade. Muitos acreditam que Carroll estava representando a puberdade da personagem. No entanto, cronologicamente, a cena n\u00e3o faz sentido, j\u00e1 que Alice tem apenas 7 anos, muito jovem para ser adolescente.<\/li>\n<\/ol>\n<ol start=\"2\">\n<li>Astr\u00f4nomos associam a personagem \u00e0 expans\u00e3o do universo. Segundo uma das teorias mais conhecidas neste campo, a quantidade de massa no universo est\u00e1 constantemente diminuindo, o que poderia levar ao seu desaparecimento completo. Isso reflete a preocupa\u00e7\u00e3o de Alice em encolher at\u00e9 desaparecer.<\/li>\n<\/ol>\n<ol start=\"3\">\n<li>Outra interpreta\u00e7\u00e3o \u00e9 que os alimentos no conto s\u00e3o uma analogia a subst\u00e2ncias alucin\u00f3genas, que desorientam as pessoas. Este seria o caso de Alice.<\/li>\n<\/ol>\n<h3 class=\"wp-block-heading\">2. Porco e Rei Ingl\u00eas<\/h3>\n<div class=\"wp-block-image\">\n<figure class=\"aligncenter size-full\"><img decoding=\"async\" class=\"wp-image-12996\" title=\"\" src=\"https:\/\/www.animativa.com\/wp-content\/uploads\/2024\/06\/porco-e-rei-ingles.jpg\" alt=\"Porco e Rei Ingl\u00eas\" width=\"728\" height=\"530\" \/><\/figure>\n<\/div>\n<p>Acredita-se que o conto seja uma alus\u00e3o \u00e0 Guerra das Rosas, que aconteceu na Inglaterra no s\u00e9culo XV, um per\u00edodo marcado por conspira\u00e7\u00f5es, trai\u00e7\u00f5es e decapita\u00e7\u00f5es, elementos presentes na hist\u00f3ria. Se essa interpreta\u00e7\u00e3o estiver correta, o beb\u00ea que se transforma em porco representa um membro da Rosa Branca (White Rose), especificamente Ricardo III, que usava o s\u00edmbolo de um javali branco. Shakespeare escreveu uma pe\u00e7a em que Ricardo III \u00e9 o vil\u00e3o. A frase \u201cCortem-lhe a cabe\u00e7a!\u201d pode ser uma refer\u00eancia ao famoso dramaturgo ingl\u00eas.<\/p>\n<h3 class=\"wp-block-heading\">3. Cheiro de Pimenta<\/h3>\n<figure class=\"wp-block-image size-full\"><img decoding=\"async\" class=\"wp-image-12997\" title=\"\" src=\"https:\/\/www.animativa.com\/wp-content\/uploads\/2024\/06\/cheiro-de-pimenta.jpg\" alt=\"Cheiro de Pimenta\" width=\"854\" height=\"711\" \/><\/figure>\n<p>O conto \u00e0s vezes menciona que a casa da duquesa tinha um forte cheiro de pimenta, pois a empregada estava colocando a especiaria na sopa. No entanto, isso pode ser uma insinua\u00e7\u00e3o de que a comida estava sendo excessivamente apimentada para mascarar o odor ruim dos ingredientes.<\/p>\n<h3 class=\"wp-block-heading\">4. Alice \u00e9 Eva<\/h3>\n<div class=\"wp-block-image\">\n<figure class=\"aligncenter size-full\"><img loading=\"lazy\" decoding=\"async\" class=\"wp-image-12998\" title=\"\" src=\"https:\/\/www.animativa.com\/wp-content\/uploads\/2024\/06\/alice-e-eva.jpg\" alt=\"Alice \u00e9 Eva\" width=\"602\" height=\"402\" \/><\/figure>\n<\/div>\n<p>As aventuras de Alice come\u00e7am em um tranquilo jardim. Era puro, verde e silencioso, o que leva alguns estudiosos do conto a associ\u00e1-lo ao Jardim do \u00c9den. No entanto, Alice n\u00e3o come a ma\u00e7\u00e3; ela entra na toca do Coelho e vai para um mundo que a transforma. A teoria parece fazer sentido: crian\u00e7as s\u00e3o inocentes, mas ao entrar na toca (equivalente a comer a ma\u00e7\u00e3), Alice adentra o mundo da puberdade e da vida adulta, tornando-se uma pecadora.<\/p>\n<h3 class=\"wp-block-heading\">5. A lagarta<\/h3>\n<div class=\"wp-block-image\">\n<figure class=\"aligncenter size-full\"><img loading=\"lazy\" decoding=\"async\" class=\"wp-image-12999\" title=\"\" src=\"https:\/\/www.animativa.com\/wp-content\/uploads\/2024\/06\/a-lagarta.webp\" alt=\"A lagarta\" width=\"728\" height=\"596\" \/><\/figure>\n<\/div>\n<p>Quando as teorias de Freud se popularizaram, o conto passou a ser interpretado com uma leitura associada a s\u00edmbolos f\u00e1licos e ginecol\u00f3gicos. Os seguidores da teoria freudiana viam s\u00edmbolos sexuais femininos nas portas escondidas atr\u00e1s das cortinas e nas chaves que as abriam. Na vis\u00e3o desses analistas, a imagem de Absolen, a lagarta gigante, \u00e9 associada a\u2026 voc\u00ea sabe.<\/p>\n<h3 class=\"wp-block-heading\">6. A Morsa e o Carpinteiro<\/h3>\n<div class=\"wp-block-image\">\n<figure class=\"aligncenter size-full\"><img loading=\"lazy\" decoding=\"async\" class=\"wp-image-13000\" title=\"\" src=\"https:\/\/www.animativa.com\/wp-content\/uploads\/2024\/06\/a-morsa-e-o-carpinteiro.jpg\" alt=\"A Morsa e o Carpinteiro\" width=\"600\" height=\"480\" \/><\/figure>\n<\/div>\n<p>Esse \u00e9 o nome do poema que os irm\u00e3os g\u00eameos Tweedledee e Tweedledum recitam para Alice. A hist\u00f3ria envolve uma Morsa e um Carpinteiro que caminham na praia e convidam ostras para acompanh\u00e1-los. As ostras seguem at\u00e9 a costa, onde s\u00e3o devoradas pelos dois, e a Morsa acaba chorando no final.<\/p>\n<p>Algumas interpreta\u00e7\u00f5es:<\/p>\n<ol>\n<li>A Morsa \u00e9 vista como uma caricatura de Buda e o Carpinteiro de Jesus. Por exemplo, o personagem Loki, do filme Dogma (1999), acredita nisso. A l\u00f3gica \u00e9 simples: a Morsa \u00e9 gorda e feliz, lembrando Buda ou o elefante Ganesha, e o carpinteiro faz refer\u00eancia \u00e0 profiss\u00e3o do pai de Jesus.<\/li>\n<li>J. Priestly acredita que o poema aborda a coloniza\u00e7\u00e3o dos Estados Unidos (Carpinteiro) pela Inglaterra (Morsa).<\/li>\n<li>Outra interpreta\u00e7\u00e3o sugere que a Morsa e o Carpinteiro representam pol\u00edticos que sacrificam os cidad\u00e3os (as ostras).<\/li>\n<\/ol>\n<h3 class=\"wp-block-heading\">7. O poema do Coelho Branco<\/h3>\n<div class=\"wp-block-image\">\n<figure class=\"aligncenter size-full\"><img loading=\"lazy\" decoding=\"async\" class=\"wp-image-13001\" title=\"\" src=\"https:\/\/www.animativa.com\/wp-content\/uploads\/2024\/06\/o-poema-do-coelho-branco.avif\" alt=\"O poema do Coelho Branco\" width=\"626\" height=\"471\" \/><\/figure>\n<\/div>\n<p>Alguns pesquisadores apontam para a estranha conex\u00e3o entre Lewis Carroll e Alice Liddell, a inspira\u00e7\u00e3o para a personagem principal. Veja as falas:<\/p>\n<p><em>\u201cEle deu sua palavra que n\u00e3o tinha sido eu<\/em><\/p>\n<p><em>(E todos sabemos, isso \u00e9 verdade)<\/em><\/p>\n<p><em>Se ela quisesse mesmo saber<\/em><\/p>\n<p><em>O que aconteceria com voc\u00ea?\u201d<\/em><\/p>\n<p>Este \u00e9 um dos momentos mais emocionantes na interpreta\u00e7\u00e3o do conto. Alguns acreditam que, quando a menina tivesse idade apropriada, Carroll se casaria com ela. No entanto, por algum motivo, ele teve uma briga com a Sra. Liddell, m\u00e3e da verdadeira Alice, e nunca mais viu nenhum membro da fam\u00edlia desde ent\u00e3o.<\/p>\n<h2 class=\"wp-block-heading\">Na Animativa, n\u00e3o tem mensagem subliminar<\/h2>\n<figure class=\"wp-block-image size-large\"><img loading=\"lazy\" decoding=\"async\" class=\"wp-image-12994\" title=\"\" src=\"https:\/\/www.animativa.com\/wp-content\/uploads\/2024\/06\/alice-univ-capa-01-806x1024.png\" alt=\"Alice nos pa\u00eds das maravilhas\" width=\"806\" height=\"1024\" \/><\/figure>\n<p>Conhe\u00e7a agora mesmo nossa nova linha de <a href=\"https:\/\/user-ts0v3h.cld.bz\/Lancamentos-2025-ANIMATIVA\/34\/\" target=\"_blank\" rel=\"noopener\">produtos da Alice<\/a>! E, se voc\u00ea tamb\u00e9m tem alguma teoria sobre a obra, conte nos coment\u00e1rios! \u2935\ufe0f<\/p>\n","protected":false},"excerpt":{"rendered":"<p>Para entender de verdade o que significa cair na toca do coelho, n\u00e3o basta apenas ler o livro \u201cAlice no Pa\u00eds das Maravilhas\u201d. A obra fant\u00e1stica de Lewis Carroll (1832-1898), com seus bolos m\u00e1gicos, portas secretas, gatos sorridentes e tartarugas fict\u00edcias, nunca deixou de ser impressa desde sua primeira publica\u00e7\u00e3o. Um s\u00e9culo e meio ap\u00f3s [&hellip;]<\/p>\n","protected":false},"author":1,"featured_media":15900,"comment_status":"closed","ping_status":"closed","sticky":false,"template":"","format":"standard","meta":{"_acf_changed":false,"content-type":"","footnotes":""},"categories":[1],"tags":[105],"class_list":["post-15899","post","type-post","status-publish","format-standard","has-post-thumbnail","hentry","category-nao-categorizado","tag-alice-no-pais-das-maravilhas"],"acf":[],"_links":{"self":[{"href":"https:\/\/www.animativa.com\/pt-br\/wp-json\/wp\/v2\/posts\/15899","targetHints":{"allow":["GET"]}}],"collection":[{"href":"https:\/\/www.animativa.com\/pt-br\/wp-json\/wp\/v2\/posts"}],"about":[{"href":"https:\/\/www.animativa.com\/pt-br\/wp-json\/wp\/v2\/types\/post"}],"author":[{"embeddable":true,"href":"https:\/\/www.animativa.com\/pt-br\/wp-json\/wp\/v2\/users\/1"}],"replies":[{"embeddable":true,"href":"https:\/\/www.animativa.com\/pt-br\/wp-json\/wp\/v2\/comments?post=15899"}],"version-history":[{"count":2,"href":"https:\/\/www.animativa.com\/pt-br\/wp-json\/wp\/v2\/posts\/15899\/revisions"}],"predecessor-version":[{"id":34629,"href":"https:\/\/www.animativa.com\/pt-br\/wp-json\/wp\/v2\/posts\/15899\/revisions\/34629"}],"wp:featuredmedia":[{"embeddable":true,"href":"https:\/\/www.animativa.com\/pt-br\/wp-json\/wp\/v2\/media\/15900"}],"wp:attachment":[{"href":"https:\/\/www.animativa.com\/pt-br\/wp-json\/wp\/v2\/media?parent=15899"}],"wp:term":[{"taxonomy":"category","embeddable":true,"href":"https:\/\/www.animativa.com\/pt-br\/wp-json\/wp\/v2\/categories?post=15899"},{"taxonomy":"post_tag","embeddable":true,"href":"https:\/\/www.animativa.com\/pt-br\/wp-json\/wp\/v2\/tags?post=15899"}],"curies":[{"name":"wp","href":"https:\/\/api.w.org\/{rel}","templated":true}]}}