{"id":16041,"date":"2024-04-11T16:11:03","date_gmt":"2024-04-11T19:11:03","guid":{"rendered":"https:\/\/dev.animativa.com\/estrategias-para-uma-agenda-produtiva\/"},"modified":"2024-11-04T15:17:36","modified_gmt":"2024-11-04T18:17:36","slug":"estrategias-para-uma-agenda-produtiva","status":"publish","type":"post","link":"https:\/\/www.animativa.com\/pt-br\/blog\/estrategias-para-uma-agenda-produtiva\/","title":{"rendered":"Como Organizar Seu Dia com Agendas"},"content":{"rendered":"<p>Dominar o uso da agenda \u00e9 fundamental para otimizar seu tempo e alcan\u00e7ar objetivos di\u00e1rios. Neste guia, explore estrat\u00e9gias eficazes para aproveitar ao m\u00e1ximo sua agenda e aumentar sua <a href=\"https:\/\/www.animativa.com\/pt-br\/blog\/gerenciamento-de-tempo-tecnicas-eficazes-com-agenda\/\" data-type=\"link\" data-id=\"https:\/\/www.animativa.com\/pt-br\/blog\/gerenciamento-de-tempo-tecnicas-eficazes-com-agenda\/\">produtividade <\/a>di\u00e1ria.<\/p>\n<p>Uma agenda bem organizada \u00e9 muito mais do que uma simples lista de compromissos; ela \u00e9 uma ferramenta poderosa para ajud\u00e1-lo a priorizar tarefas, manter o foco e cumprir prazos importantes. Ao longo deste guia, vamos mergulhar em diferentes t\u00e9cnicas e abordagens que podem transformar sua agenda em um aliado valioso na gest\u00e3o do seu tempo e na conquista de metas.<\/p>\n<p>Al\u00e9m de simplesmente registrar compromissos e eventos, uma agenda bem utilizada pode ajud\u00e1-lo a identificar padr\u00f5es em sua rotina, identificar \u00e1reas de melhoria na distribui\u00e7\u00e3o de tempo e at\u00e9 mesmo a encontrar momentos de folga para dedicar-se a atividades de lazer ou autocuidado. Ao explorarmos as estrat\u00e9gias apresentadas aqui, voc\u00ea estar\u00e1 capacitado n\u00e3o apenas a organizar melhor seu dia a dia, mas tamb\u00e9m a encontrar um equil\u00edbrio saud\u00e1vel entre trabalho, estudo e lazer.<\/p>\n<h2 class=\"wp-block-heading\"><em>Maximizando o Potencial da Sua Agenda<\/em><\/h2>\n<p>Ao estabelecer metas di\u00e1rias claras e alcan\u00e7\u00e1veis, voc\u00ea pode direcionar sua energia para as atividades mais importantes e urgentes, evitando distra\u00e7\u00f5es e desperd\u00edcio de tempo. Ao mesmo tempo, aprender a priorizar tarefas ajuda a garantir que voc\u00ea esteja focado nas atividades que trar\u00e3o os maiores benef\u00edcios ou que t\u00eam prazos mais imediatos, maximizando assim sua efici\u00eancia e <a href=\"https:\/\/www.animativa.com\/pt-br\/blog\/gerenciamento-de-tempo-tecnicas-eficazes-com-agenda\/\" data-type=\"link\" data-id=\"https:\/\/www.animativa.com\/pt-br\/blog\/gerenciamento-de-tempo-tecnicas-eficazes-com-agenda\/\">produtividade<\/a>.<\/p>\n<p>A cria\u00e7\u00e3o de uma estrutura organizada em sua agenda n\u00e3o apenas ajuda a evitar a sobrecarga de trabalho, mas tamb\u00e9m contribui para uma melhor gest\u00e3o do tempo e redu\u00e7\u00e3o do estresse. Ao dividir seu dia em blocos de tempo dedicados a diferentes tipos de tarefas, como trabalho, estudo, exerc\u00edcios e descanso, voc\u00ea pode garantir que cada atividade receba a aten\u00e7\u00e3o necess\u00e1ria, sem sacrificar outras \u00e1reas importantes de sua vida. Essa abordagem equilibrada n\u00e3o apenas aumenta sua produtividade, mas tamb\u00e9m promove um bem-estar geral e uma sensa\u00e7\u00e3o de controle sobre seu dia a dia.<\/p>\n<h2 class=\"wp-block-heading\"><em>Estabelecendo Rotinas Produtivas<\/em><\/h2>\n<figure class=\"wp-block-image size-large\"><img loading=\"lazy\" decoding=\"async\" loading=\"lazy\" width=\"1024\" height=\"683\" src=\"https:\/\/www.animativa.com\/wp-content\/uploads\/2024\/04\/agendas-1024x683.jpg\" alt=\"\n Agendas\" class=\"wp-image-11343\" title=\"\" \/><\/figure>\n<p>Estabelecer rotinas di\u00e1rias \u00e9 fundamental para criar h\u00e1bitos saud\u00e1veis e consistentes, sendo a base da produtividade sustent\u00e1vel. Ao definir hor\u00e1rios regulares para atividades como acordar, fazer exerc\u00edcios, trabalhar e relaxar, voc\u00ea cria uma estrutura que ajuda a manter o equil\u00edbrio e a disciplina em sua vida. Ao incorporar essas rotinas \u00e0 sua <a href=\"https:\/\/user-ts0v3h.cld.bz\/Agendas-e-Planners-2024-SD\" data-type=\"link\" data-id=\"https:\/\/user-ts0v3h.cld.bz\/Agendas-e-Planners-2024-SD\" target=\"_blank\" rel=\"noopener\">agenda<\/a>, voc\u00ea visualiza claramente os momentos reservados para cada atividade, o que facilita a ades\u00e3o a esses h\u00e1bitos ao longo do tempo.<\/p>\n<p>Al\u00e9m disso, planejar seu dia em blocos de tempo permite uma distribui\u00e7\u00e3o mais equilibrada das tarefas ao longo do dia. Ao reservar per\u00edodos espec\u00edficos para tarefas que exigem maior concentra\u00e7\u00e3o ou energia, como trabalho intelectual ou exerc\u00edcios f\u00edsicos, voc\u00ea maximiza sua efici\u00eancia ao garantir que esteja no seu melhor momento para cada atividade. Isso tamb\u00e9m ajuda a evitar a procrastina\u00e7\u00e3o, pois voc\u00ea sabe exatamente quando e onde cada tarefa deve ser realizada, reduzindo a indecis\u00e3o e aumentando o foco e a produtividade.<\/p>\n<h2 class=\"wp-block-heading\"><em>Personalizando Sua Agenda<\/em><\/h2>\n<p>Personalizar sua agenda de acordo com suas necessidades e prefer\u00eancias \u00e9 essencial para garantir que ela se adapte perfeitamente ao seu estilo de vida e fluxo de trabalho. Voc\u00ea pode experimentar diferentes layouts, como a tradicional vis\u00e3o semanal, vis\u00e3o mensal ou at\u00e9 mesmo layouts mais detalhados que permitem planejar tarefas por hora ou por categoria. Al\u00e9m disso, utilizar divis\u00f3rias ou marcadores pode ajud\u00e1-lo a segmentar sua agenda em se\u00e7\u00f5es espec\u00edficas, como trabalho, pessoal, projetos em andamento, entre outros, facilitando a localiza\u00e7\u00e3o e a organiza\u00e7\u00e3o das informa\u00e7\u00f5es.<\/p>\n<p>Outra estrat\u00e9gia \u00fatil \u00e9 incorporar m\u00e9todos de organiza\u00e7\u00e3o comprovados, como o GTD (<a href=\"https:\/\/www.treasy.com.br\/blog\/metodo-gtd\/\" data-type=\"link\" data-id=\"https:\/\/www.treasy.com.br\/blog\/metodo-gtd\/\" target=\"_blank\" rel=\"noopener\">Getting Things Done<\/a>) ou o m\u00e9todo <a href=\"https:\/\/www.animativa.com\/pt-br\/blog\/bullet-journal\/\" data-type=\"link\" data-id=\"https:\/\/www.animativa.com\/pt-br\/blog\/bullet-journal\/\">Bullet Journal<\/a>, \u00e0 sua agenda. Esses m\u00e9todos fornecem estruturas e t\u00e9cnicas espec\u00edficas para a gest\u00e3o de tarefas e a organiza\u00e7\u00e3o de informa\u00e7\u00f5es, permitindo que voc\u00ea gerencie sua agenda de forma mais eficiente e produtiva. Ao personalizar sua agenda de acordo com suas prefer\u00eancias e necessidades espec\u00edficas, voc\u00ea maximiza seu potencial como ferramenta de organiza\u00e7\u00e3o e produtividade, tornando-a uma aliada indispens\u00e1vel em seu dia a dia.<\/p>\n<h2 class=\"wp-block-heading\"><em>Integrando Ferramentas Digitais<\/em><\/h2>\n<p>Integrar o uso de agendas f\u00edsicas e ferramentas digitais oferece uma abordagem hol\u00edstica para a organiza\u00e7\u00e3o do seu dia a dia. Enquanto as agendas f\u00edsicas proporcionam uma experi\u00eancia t\u00e1til e visualmente estimulante, os aplicativos de calend\u00e1rio e gerenciadores de tarefas oferecem flexibilidade e recursos avan\u00e7ados de sincroniza\u00e7\u00e3o e notifica\u00e7\u00e3o. Ao combinar essas duas abordagens, voc\u00ea pode aproveitar os benef\u00edcios de ambas as plataformas, mantendo uma vis\u00e3o clara de suas responsabilidades e compromissos em todos os aspectos da sua vida.<\/p>\n<p>Uma estrat\u00e9gia eficaz \u00e9 usar a agenda f\u00edsica para planejar suas atividades de forma mais detalhada e visual, reservando espa\u00e7o para anota\u00e7\u00f5es, esbo\u00e7os e listas de tarefas. Em seguida, utilize os aplicativos digitais para criar lembretes e alertas, sincronizar compromissos com outros dispositivos e compartilhar agendas com colegas ou membros da fam\u00edlia. Essa combina\u00e7\u00e3o permite que voc\u00ea tenha acesso r\u00e1pido \u00e0s informa\u00e7\u00f5es onde quer que esteja, ao mesmo tempo em que desfruta da sensa\u00e7\u00e3o satisfat\u00f3ria de marcar tarefas conclu\u00eddas em sua agenda f\u00edsica.<\/p>\n<h2 class=\"wp-block-heading\"><em>Estrat\u00e9gia = Produtividade<\/em><\/h2>\n<p>Com as estrat\u00e9gias certas, sua agenda se torna uma poderosa aliada na busca pela produtividade. Aplique essas t\u00e9cnicas em seu dia a dia e transforme sua agenda em uma ferramenta indispens\u00e1vel para alcan\u00e7ar seus objetivos com efici\u00eancia.<\/p>\n<h2 class=\"wp-block-heading\"><em>Organize sua vida com a Animativa<\/em><\/h2>\n<p>Explore nossa sele\u00e7\u00e3o de agendas e acess\u00f3rios de papelaria para otimizar sua organiza\u00e7\u00e3o di\u00e1ria e aumentar sua produtividade.<\/p>\n","protected":false},"excerpt":{"rendered":"<p>Dominar o uso da agenda \u00e9 fundamental para otimizar seu tempo e alcan\u00e7ar objetivos di\u00e1rios. Neste guia, explore estrat\u00e9gias eficazes para aproveitar ao m\u00e1ximo sua agenda e aumentar sua produtividade di\u00e1ria. Uma agenda bem organizada \u00e9 muito mais do que uma simples lista de compromissos; ela \u00e9 uma ferramenta poderosa para ajud\u00e1-lo a priorizar tarefas, [&hellip;]<\/p>\n","protected":false},"author":1,"featured_media":16042,"comment_status":"closed","ping_status":"closed","sticky":false,"template":"","format":"standard","meta":{"_acf_changed":false,"content-type":"","footnotes":""},"categories":[1],"tags":[103,108,122],"class_list":["post-16041","post","type-post","status-publish","format-standard","has-post-thumbnail","hentry","category-nao-categorizado","tag-agendas","tag-animativa","tag-cadernos"],"acf":[],"_links":{"self":[{"href":"https:\/\/www.animativa.com\/pt-br\/wp-json\/wp\/v2\/posts\/16041","targetHints":{"allow":["GET"]}}],"collection":[{"href":"https:\/\/www.animativa.com\/pt-br\/wp-json\/wp\/v2\/posts"}],"about":[{"href":"https:\/\/www.animativa.com\/pt-br\/wp-json\/wp\/v2\/types\/post"}],"author":[{"embeddable":true,"href":"https:\/\/www.animativa.com\/pt-br\/wp-json\/wp\/v2\/users\/1"}],"replies":[{"embeddable":true,"href":"https:\/\/www.animativa.com\/pt-br\/wp-json\/wp\/v2\/comments?post=16041"}],"version-history":[{"count":1,"href":"https:\/\/www.animativa.com\/pt-br\/wp-json\/wp\/v2\/posts\/16041\/revisions"}],"predecessor-version":[{"id":34186,"href":"https:\/\/www.animativa.com\/pt-br\/wp-json\/wp\/v2\/posts\/16041\/revisions\/34186"}],"wp:featuredmedia":[{"embeddable":true,"href":"https:\/\/www.animativa.com\/pt-br\/wp-json\/wp\/v2\/media\/16042"}],"wp:attachment":[{"href":"https:\/\/www.animativa.com\/pt-br\/wp-json\/wp\/v2\/media?parent=16041"}],"wp:term":[{"taxonomy":"category","embeddable":true,"href":"https:\/\/www.animativa.com\/pt-br\/wp-json\/wp\/v2\/categories?post=16041"},{"taxonomy":"post_tag","embeddable":true,"href":"https:\/\/www.animativa.com\/pt-br\/wp-json\/wp\/v2\/tags?post=16041"}],"curies":[{"name":"wp","href":"https:\/\/api.w.org\/{rel}","templated":true}]}}