{"id":30484,"date":"2024-09-23T16:16:53","date_gmt":"2024-09-23T19:16:53","guid":{"rendered":"https:\/\/dev.animativa.com\/pt-br\/blog\/friends-30-anos-de-sucesso\/"},"modified":"2025-02-03T15:12:06","modified_gmt":"2025-02-03T18:12:06","slug":"friends-30-anos-de-sucesso","status":"publish","type":"post","link":"https:\/\/www.animativa.com\/pt-br\/blog\/friends-30-anos-de-sucesso\/","title":{"rendered":"Friends 30 Anos: Uma das S\u00e9ries Mais Aclamadas de Todos os Tempos Completa Tr\u00eas D\u00e9cadas!"},"content":{"rendered":"<p>H\u00e1 30 anos, em 22 de setembro de 1994, a NBC lan\u00e7ou ao mundo o primeiro epis\u00f3dio de <a href=\"https:\/\/www.animativa.com\/pt-br\/blog\/friends-o-sucesso-da-serie\/\"><em>Friends<\/em><\/a>, s\u00e9rie criada por David Crane e Marta Kauffman, que se tornaria um verdadeiro \u00edcone global. A trama sobre seis jovens adultos tentando equilibrar carreira, vida pessoal e as dores e del\u00edcias de crescer em Nova York conquistou o p\u00fablico e fez do elenco \u2013 Jennifer Aniston (Rachel Green), Courteney Cox (Monica Geller), Lisa Kudrow (Phoebe Buffay), Matt LeBlanc (Joey Tribbiani), Matthew Perry (Chandler Bing) e David Schwimmer (Ross Geller) \u2013 verdadeiras estrelas da TV e do cinema.<\/p>\n<p>3 d\u00e9cadas depois, os amigos de Nova Iorque continuam fazendo sucesso, principalmente entre millennials e gera\u00e7\u00e3o Z.<\/p>\n<h2 class=\"wp-block-heading\">Sucesso em N\u00fameros<\/h2>\n<h3 class=\"wp-block-heading\">10 Temporadas de Sucesso<\/h3>\n<p>Manter uma s\u00e9rie por 10 anos no ar n\u00e3o \u00e9 para qualquer um, e <em>Friends<\/em> fez isso com maestria. De 22 de setembro de 1994 at\u00e9 6 de maio de 2004, a s\u00e9rie dominou as telas, transformando o cotidiano do grupo de amigos em algo especial para o p\u00fablico ao redor do mundo. Dez anos de <em>Friends<\/em> representam um marco na TV, eternizando a s\u00e9rie como uma das mais queridas de sua gera\u00e7\u00e3o.<\/p>\n<h3 class=\"wp-block-heading\">236 Epis\u00f3dios para Maratonar<\/h3>\n<p>No total, <em>Friends<\/em> nos presenteou com 236 epis\u00f3dios, cada um com cerca de 22 minutos de risadas, l\u00e1grimas e momentos ic\u00f4nicos. Isso significa que, se voc\u00ea quiser revisitar toda a jornada, vai precisar de mais de 86 horas dispon\u00edveis! Poucas sitcoms ultrapassam a barreira dos 200 epis\u00f3dios. S\u00f3 alguns gigantes, como <em>The Big Bang Theory<\/em> (280 epis\u00f3dios), <em>Two and a Half Men<\/em> (262), <em>Frasier<\/em> (263) e <em>Cheers<\/em> (270), chegam perto desse feito.<\/p>\n<p><iframe title=\"AS MELHORES ATITUDES que os personagens de FRIENDS tiveram | Friends 30 Anos \ud83c\udf82\" width=\"500\" height=\"281\" src=\"https:\/\/www.youtube.com\/embed\/1bjAAeOS1rQ?feature=oembed\" frameborder=\"0\" allow=\"accelerometer; autoplay; clipboard-write; encrypted-media; gyroscope; picture-in-picture; web-share\" referrerpolicy=\"strict-origin-when-cross-origin\" allowfullscreen><\/iframe><\/p>\n<h3 class=\"wp-block-heading\">256 Indica\u00e7\u00f5es ao Emmy<\/h3>\n<p>Os n\u00fameros falam por si: <em>Friends<\/em> acumulou impressionantes 256 indica\u00e7\u00f5es a pr\u00eamios, com 65 vit\u00f3rias no total. Dessas, seis estatuetas vieram do Emmy, a maior premia\u00e7\u00e3o da TV norte-americana. As estrelas Jennifer Aniston e Lisa Kudrow sa\u00edram consagradas como Melhor Atriz Principal e Melhor Atriz Coadjuvante em S\u00e9rie de Com\u00e9dia, respectivamente, e a s\u00e9rie levou tamb\u00e9m o trof\u00e9u de Melhor Com\u00e9dia e Melhor Dire\u00e7\u00e3o. Nada mal, hein?<\/p>\n<h3 class=\"wp-block-heading\">Audi\u00eancia Gigantesca<\/h3>\n<p>Quando <em>Friends<\/em> se despediu do p\u00fablico, foi com estilo. O epis\u00f3dio final atraiu 52,5 milh\u00f5es de telespectadores nos EUA, garantindo o quarto lugar entre os epis\u00f3dios finais mais assistidos da hist\u00f3ria da TV americana. S\u00f3 fica atr\u00e1s de gigantes como <em>M<\/em>A<em>S<\/em>H* (106 milh\u00f5es), <em>Cheers<\/em> (80,4 milh\u00f5es) e <em>Seinfeld<\/em> (76,3 milh\u00f5es). Mas, curiosamente, o epis\u00f3dio mais assistido de <em>Friends<\/em> foi \u201cThe One After the Superbowl\u201d \u2013 um especial de duas partes exibido em janeiro de 1996, que conquistou 52,9 milh\u00f5es de espectadores.<\/p>\n<h2 class=\"wp-block-heading\">The Friends Experience em S\u00e3o Paulo<\/h2>\n<p>Para comemorar esse anivers\u00e1rio ic\u00f4nico, a <em>The Friends Experience<\/em> finalmente chega ao Brasil! A exposi\u00e7\u00e3o interativa, que j\u00e1 conquistou f\u00e3s ao redor do mundo, estar\u00e1 em S\u00e3o Paulo no Shopping Cidade S\u00e3o Paulo, de novembro de 2024 a mar\u00e7o de 2025. L\u00e1, os f\u00e3s poder\u00e3o reviver cenas inesquec\u00edveis, explorar cen\u00e1rios ic\u00f4nicos e mergulhar no universo da s\u00e9rie. Quer tirar uma foto no sof\u00e1 laranja do Central Perk? Agora \u00e9 a hora! As vendas come\u00e7aram no \u00faltimo domingo, dia 22\/09.<\/p>\n<p><strong>LEIA MAIS: <\/strong><a href=\"https:\/\/www.animativa.com\/pt-br\/blog\/as-maiores-polemicas-de-friends\/\"><strong>As maiores pol\u00eamicas de Friends<\/strong><\/a><\/p>\n<h2 class=\"wp-block-heading\">Os Amigos Est\u00e3o na Animativa!<\/h2>\n<p>Esses 30 anos de <em>Friends<\/em> provam que, mesmo depois de tanto tempo, a s\u00e9rie ainda conquista novos f\u00e3s e continua sendo uma das mais queridas da hist\u00f3ria da TV! E, se voc\u00ea \u00e9 um <em>friendsman\u00edaco<\/em>, n\u00e3o pode deixar de conhecer nossa<a href=\"https:\/\/loja.animativa.com\/licenciados\/friends?utm_source=blog&amp;utm_medium=post&amp;utm_campaign=blog2store&amp;utm_content=30-anos-de-friends\" target=\"_blank\" rel=\"noopener\" data-wplink-edit=\"true\"> linha exclusiva da turma do Central Perk!<\/a><\/p>\n\n\n<iframe src=\"https:\/\/www.facebook.com\/plugins\/video.php?height=476&#038;href=https%3A%2F%2Fbusiness.facebook.com%2Fanimativabr%2Fvideos%2F1578199702767660%2F&#038;show_text=false&#038;width=267&#038;t=0\" width=\"267\" height=\"476\" style=\"border:none;overflow:hidden\" scrolling=\"no\" frameborder=\"0\" allowfullscreen=\"true\" allow=\"autoplay; clipboard-write; encrypted-media; picture-in-picture; web-share\" allowFullScreen=\"true\"><\/iframe>\n\n\n\n<p><\/p>\n","protected":false},"excerpt":{"rendered":"<p>H\u00e1 30 anos, em 22 de setembro de 1994, a NBC lan\u00e7ou ao mundo o primeiro epis\u00f3dio de Friends, s\u00e9rie criada por David Crane e Marta Kauffman, que se tornaria um verdadeiro \u00edcone global. A trama sobre seis jovens adultos tentando equilibrar carreira, vida pessoal e as dores e del\u00edcias de crescer em Nova York [&hellip;]<\/p>\n","protected":false},"author":1,"featured_media":30485,"comment_status":"closed","ping_status":"closed","sticky":false,"template":"","format":"standard","meta":{"_acf_changed":false,"content-type":"","footnotes":""},"categories":[457,1],"tags":[],"class_list":["post-30484","post","type-post","status-publish","format-standard","has-post-thumbnail","hentry","category-entretenimento","category-nao-categorizado"],"acf":[],"_links":{"self":[{"href":"https:\/\/www.animativa.com\/pt-br\/wp-json\/wp\/v2\/posts\/30484","targetHints":{"allow":["GET"]}}],"collection":[{"href":"https:\/\/www.animativa.com\/pt-br\/wp-json\/wp\/v2\/posts"}],"about":[{"href":"https:\/\/www.animativa.com\/pt-br\/wp-json\/wp\/v2\/types\/post"}],"author":[{"embeddable":true,"href":"https:\/\/www.animativa.com\/pt-br\/wp-json\/wp\/v2\/users\/1"}],"replies":[{"embeddable":true,"href":"https:\/\/www.animativa.com\/pt-br\/wp-json\/wp\/v2\/comments?post=30484"}],"version-history":[{"count":3,"href":"https:\/\/www.animativa.com\/pt-br\/wp-json\/wp\/v2\/posts\/30484\/revisions"}],"predecessor-version":[{"id":35942,"href":"https:\/\/www.animativa.com\/pt-br\/wp-json\/wp\/v2\/posts\/30484\/revisions\/35942"}],"wp:featuredmedia":[{"embeddable":true,"href":"https:\/\/www.animativa.com\/pt-br\/wp-json\/wp\/v2\/media\/30485"}],"wp:attachment":[{"href":"https:\/\/www.animativa.com\/pt-br\/wp-json\/wp\/v2\/media?parent=30484"}],"wp:term":[{"taxonomy":"category","embeddable":true,"href":"https:\/\/www.animativa.com\/pt-br\/wp-json\/wp\/v2\/categories?post=30484"},{"taxonomy":"post_tag","embeddable":true,"href":"https:\/\/www.animativa.com\/pt-br\/wp-json\/wp\/v2\/tags?post=30484"}],"curies":[{"name":"wp","href":"https:\/\/api.w.org\/{rel}","templated":true}]}}