{"id":30528,"date":"2024-09-07T09:01:00","date_gmt":"2024-09-07T12:01:00","guid":{"rendered":"https:\/\/dev.animativa.com\/pt-br\/blog\/os-herois-mais-subestimados-da-marvel\/"},"modified":"2024-11-04T15:14:55","modified_gmt":"2024-11-04T18:14:55","slug":"os-herois-mais-subestimados-da-marvel","status":"publish","type":"post","link":"https:\/\/www.animativa.com\/pt-br\/blog\/os-herois-mais-subestimados-da-marvel\/","title":{"rendered":"Os Her\u00f3is Mais Subestimados da Marvel"},"content":{"rendered":"<p>N\u00e3o \u00e9 apenas de her\u00f3is superpoderosos ou <a href=\"https:\/\/www.animativa.com\/pt-br\/blog\/viloes-mais-crueis-da-marvel\/\">vil\u00f5es cru\u00e9is<\/a> que o universo da <a href=\"https:\/\/www.animativa.com\/pt-br\/blog\/impacto-duradouro-dos-super-herois-da-marvel\/\">Marvel<\/a> \u00e9 feito. Dentre as centenas de personagens da companhia, existem aqueles relegados e esquecidos.<\/p>\n<p>Para dar import\u00e2ncia a eles, hoje vamos falar sobre os her\u00f3is mais subestimados da Marvel!<\/p>\n<h2 class=\"wp-block-heading\">Espectro<\/h2>\n<figure class=\"wp-block-image size-large\"><img fetchpriority=\"high\" decoding=\"async\" width=\"1024\" height=\"536\" src=\"https:\/\/www.animativa.com\/wp-content\/uploads\/2024\/09\/Monica-Rambeau-capa-1024x536.jpg\" alt=\"\" class=\"wp-image-15372\" title=\"\" \/><\/figure>\n<p>Hoje em dia, \u00e9 dif\u00edcil pensar em um membro dos Vingadores que tenha sido mais negligenciado do que Monica Rambeau. Famosa por assumir o manto de Capit\u00e3 Marvel nos anos 80, ela tamb\u00e9m teve destaque como integrante dos Supremos mais recentemente.<\/p>\n<p>No entanto, desde a dissolu\u00e7\u00e3o da equipe, Monica praticamente desapareceu das hist\u00f3rias da Marvel. \u00c9 uma situa\u00e7\u00e3o lament\u00e1vel, j\u00e1 que a hero\u00edna possui muitos f\u00e3s dedicados. Vale lembrar que, quando Carol Danvers foi escolhida como a nova Capit\u00e3 Marvel, muitos admiradores de Monica ficaram decepcionados e expressaram sua frustra\u00e7\u00e3o.<\/p>\n<h2 class=\"wp-block-heading\">Capit\u00e3o Brit\u00e2nia<\/h2>\n<figure class=\"wp-block-image size-large\"><img decoding=\"async\" width=\"1024\" height=\"536\" src=\"https:\/\/www.animativa.com\/wp-content\/uploads\/2024\/09\/Capitao-Britania-1024x536.jpg\" alt=\"\" class=\"wp-image-15373\" title=\"\" \/><\/figure>\n<p>Brian Braddock, conhecido como Capit\u00e3o Brit\u00e2nia, foi um dos her\u00f3is mais populares da Invas\u00e3o Brit\u00e2nica nos quadrinhos. Irm\u00e3o g\u00eameo de Psylocke, membro dos X-Men, Brian nasceu em Malden, Essex, sendo escolhido por Merlin para ser o grande defensor da Gr\u00e3-Bretanha.<\/p>\n<p>Ele recebeu um amuleto (mais tarde substitu\u00eddo por um traje), que lhe concedia for\u00e7a, agilidade, resist\u00eancia e reflexos sobre-humanos, al\u00e9m da capacidade de voar. Durante um tempo, ele teve uma s\u00e9rie pr\u00f3pria, inclusive escrita por Alan Moore, mas, ultimamente, tem aparecido muito pouco nos quadrinhos.<\/p>\n<h2 class=\"wp-block-heading\">Blade<\/h2>\n<figure class=\"wp-block-image size-full\"><img decoding=\"async\" width=\"750\" height=\"438\" src=\"https:\/\/www.animativa.com\/wp-content\/uploads\/2024\/09\/blade_2023_2_art_by_elena_casagrande_and_jordie_bellaire.jpg\" alt=\"\" class=\"wp-image-15374\" title=\"\" \/><\/figure>\n<p>Um dos her\u00f3is que ajudou a levar as adapta\u00e7\u00f5es de quadrinhos para a tela grande no final dos anos 90 e in\u00edcio dos anos 2000, Blade se tornou, atualmente, um personagem de segundo plano no universo da Marvel. O ca\u00e7ador de vampiros n\u00e3o tem recebido o destaque merecido h\u00e1 anos, especialmente ap\u00f3s o cancelamento de uma s\u00e9rie em quadrinhos que envolvia sua filha, quase cinco anos atr\u00e1s.<\/p>\n<p>Sua \u00faltima grande apari\u00e7\u00e3o foi ao lado dos Poderosos Vingadores, liderados por Luke Cage, quando assumiu a identidade de Ronin. Mais recentemente, fez parte dos Esp\u00edritos da Vingan\u00e7a, mas sem grande relev\u00e2ncia.<\/p>\n<h2 class=\"wp-block-heading\">Falc\u00e3o de A\u00e7o<\/h2>\n<figure class=\"wp-block-image size-full\"><img loading=\"lazy\" decoding=\"async\" loading=\"lazy\" width=\"800\" height=\"450\" src=\"https:\/\/www.animativa.com\/wp-content\/uploads\/2024\/09\/falcaodeaco_15012021.jpg\" alt=\"\" class=\"wp-image-15375\" title=\"\" \/><\/figure>\n<p>Chris Powell, um jovem adolescente cujo pai era policial, descobre um segredo devastador: seu pai seguia as ordens de um chef\u00e3o do crime. Durante uma fuga, Chris encontra um amuleto que lhe concede o poder de se transformar no Falc\u00e3o de A\u00e7o.<\/p>\n<p>Essa armadura, constru\u00edda com a tecnologia de ponta Shi&#8217;ar, oferece ao her\u00f3i armamentos poderosos e habilidades especiais. Embora tenha participado de equipes como os Novos Guerreiros, o Falc\u00e3o de A\u00e7o foi visto pela \u00faltima vez na Arena dos Vingadores e, desde ent\u00e3o, tem sido deixado de lado, apesar de merecer mais aten\u00e7\u00e3o.<\/p>\n<h2 class=\"wp-block-heading\">Cavaleiro da Lua<\/h2>\n<figure class=\"wp-block-image size-full\"><img loading=\"lazy\" decoding=\"async\" loading=\"lazy\" width=\"696\" height=\"392\" src=\"https:\/\/www.animativa.com\/wp-content\/uploads\/2024\/09\/Cavaleiro-da-Lua-2-1-e1642628763902.jpg\" alt=\"\" class=\"wp-image-15376\" title=\"\" \/><\/figure>\n<p>Mudando para outro cavaleiro, Marc Spector \u00e9 um her\u00f3i muito querido pelos f\u00e3s e possui uma rica mitologia e uma hist\u00f3ria envolvente. Conhecido como Cavaleiro da Lua, ele se destaca por suas m\u00faltiplas personalidades e por sua atua\u00e7\u00e3o como vigilante.<\/p>\n<p>Apesar de ter uma s\u00e9rie em quadrinhos pr\u00f3pria, o Cavaleiro da Lua ainda \u00e9 subestimado tanto pelos leitores quanto pela pr\u00f3pria Marvel, que n\u00e3o explora todo o seu potencial. No entanto, h\u00e1 rumores de que Kevin Feige tem planos para o personagem nos cinemas, o que provavelmente aumentar\u00e1 sua visibilidade nas HQs.<\/p>\n<h2 class=\"wp-block-heading\">Adam Warlock<\/h2>\n<figure class=\"wp-block-image size-large\"><img loading=\"lazy\" decoding=\"async\" loading=\"lazy\" width=\"1024\" height=\"576\" src=\"https:\/\/www.animativa.com\/wp-content\/uploads\/2024\/09\/adam-warlock-marvel-rivals-guide-1024x576.avif\" alt=\"\" class=\"wp-image-15377\" title=\"\" \/><\/figure>\n<p>Criado pelo lend\u00e1rio Jim Starlin, Adam Warlock j\u00e1 foi um dos personagens mais populares e poderosos do universo Marvel. No entanto, seu destaque diminuiu ao longo dos anos, apesar de estar prestes a retornar de forma grandiosa.<\/p>\n<p>Ele merece maior aten\u00e7\u00e3o al\u00e9m das p\u00e1ginas dos quadrinhos. No final de Guardi\u00f5es da Gal\u00e1xia Vol. 2, foi revelado que Adam Warlock j\u00e1 existe nesse universo cinematogr\u00e1fico, mas ainda n\u00e3o h\u00e1 confirma\u00e7\u00e3o oficial sobre sua apari\u00e7\u00e3o no Vol. 3 ou em futuros filmes dos Vingadores.<\/p>\n<h2 class=\"wp-block-heading\">Son\u00e2mbulo<\/h2>\n<figure class=\"wp-block-image size-full\"><img loading=\"lazy\" decoding=\"async\" loading=\"lazy\" width=\"728\" height=\"381\" src=\"https:\/\/www.animativa.com\/wp-content\/uploads\/2024\/09\/legiao_t_ISi0LKdBnlHQ9ZhXzCerqEVGWOvcAfJp5wR7YUkP.png.webp\" alt=\"\" class=\"wp-image-15378\" title=\"\" \/><\/figure>\n<p>O Son\u00e2mbulo \u00e9 parte de uma ra\u00e7a alien\u00edgena de &#8220;policiais dos sonhos&#8221; cuja miss\u00e3o era proteger os humanos de invasores durante o sono. Tra\u00eddo por um antigo amigo, ele foi aprisionado no corpo de Rick Sheridan, um estudante colegial, e s\u00f3 podia emergir enquanto Rick dormia.<\/p>\n<p>Al\u00e9m de uma premissa interessante, o Son\u00e2mbulo tem uma ampla gama de poderes, incluindo for\u00e7a sobre-humana, voo, regenera\u00e7\u00e3o e a capacidade de reestruturar objetos com sua vis\u00e3o especial. Apesar de seu potencial, ele foi deixado de lado tanto nos quadrinhos quanto entre os f\u00e3s.<\/p>\n<h2 class=\"wp-block-heading\">Homem-Coisa<\/h2>\n<figure class=\"wp-block-image size-full\"><img loading=\"lazy\" decoding=\"async\" loading=\"lazy\" width=\"727\" height=\"450\" src=\"https:\/\/www.animativa.com\/wp-content\/uploads\/2024\/09\/ares-corta-coisa.jpg\" alt=\"\" class=\"wp-image-15379\" title=\"\" \/><\/figure>\n<p>Embora o Homem-Coisa tenha tido um filme para a TV \u2013 que passou despercebido \u2013, ele merece muito mais destaque, tanto nos quadrinhos quanto no cinema. O personagem \u00e9 imortal e possui a habilidade de queimar qualquer um que sinta medo dele com um simples toque.<\/p>\n<p>Por um tempo, ele teve um dispositivo que permitia abrir portais entre diferentes realidades, utilizando o nexo das realidades. Embora geralmente seja tratado como coadjuvante, ele j\u00e1 teve arcos interessantes ao lado dos Thunderbolts. Seria \u00f3timo v\u00ea-lo sendo mais aproveitado nas hist\u00f3rias da Marvel, mesmo que n\u00e3o ganhe uma s\u00e9rie pr\u00f3pria.<\/p>\n<h2 class=\"wp-block-heading\">Marvel na Animativa!<\/h2>\n<p>Se voc\u00ea pira no universo Marvel, conhe\u00e7a nossa <a href=\"https:\/\/loja.animativa.com\/licenciados\/marvel-now?utm_source=blog&amp;utm_medium=post&amp;utm_campaign=blog2store&amp;utm_content=herois-marvel-subestimados\" target=\"_blank\" rel=\"noopener\">linha de produtos exclusivos da companhia<\/a>!<\/p>\n","protected":false},"excerpt":{"rendered":"<p>N\u00e3o \u00e9 apenas de her\u00f3is superpoderosos ou vil\u00f5es cru\u00e9is que o universo da Marvel \u00e9 feito. Dentre as centenas de personagens da companhia, existem aqueles relegados e esquecidos. Para dar import\u00e2ncia a eles, hoje vamos falar sobre os her\u00f3is mais subestimados da Marvel! Espectro Hoje em dia, \u00e9 dif\u00edcil pensar em um membro dos Vingadores [&hellip;]<\/p>\n","protected":false},"author":1,"featured_media":30529,"comment_status":"closed","ping_status":"closed","sticky":false,"template":"","format":"standard","meta":{"_acf_changed":false,"content-type":"","footnotes":""},"categories":[1],"tags":[],"class_list":["post-30528","post","type-post","status-publish","format-standard","has-post-thumbnail","hentry","category-nao-categorizado"],"acf":[],"_links":{"self":[{"href":"https:\/\/www.animativa.com\/pt-br\/wp-json\/wp\/v2\/posts\/30528","targetHints":{"allow":["GET"]}}],"collection":[{"href":"https:\/\/www.animativa.com\/pt-br\/wp-json\/wp\/v2\/posts"}],"about":[{"href":"https:\/\/www.animativa.com\/pt-br\/wp-json\/wp\/v2\/types\/post"}],"author":[{"embeddable":true,"href":"https:\/\/www.animativa.com\/pt-br\/wp-json\/wp\/v2\/users\/1"}],"replies":[{"embeddable":true,"href":"https:\/\/www.animativa.com\/pt-br\/wp-json\/wp\/v2\/comments?post=30528"}],"version-history":[{"count":1,"href":"https:\/\/www.animativa.com\/pt-br\/wp-json\/wp\/v2\/posts\/30528\/revisions"}],"predecessor-version":[{"id":34063,"href":"https:\/\/www.animativa.com\/pt-br\/wp-json\/wp\/v2\/posts\/30528\/revisions\/34063"}],"wp:featuredmedia":[{"embeddable":true,"href":"https:\/\/www.animativa.com\/pt-br\/wp-json\/wp\/v2\/media\/30529"}],"wp:attachment":[{"href":"https:\/\/www.animativa.com\/pt-br\/wp-json\/wp\/v2\/media?parent=30528"}],"wp:term":[{"taxonomy":"category","embeddable":true,"href":"https:\/\/www.animativa.com\/pt-br\/wp-json\/wp\/v2\/categories?post=30528"},{"taxonomy":"post_tag","embeddable":true,"href":"https:\/\/www.animativa.com\/pt-br\/wp-json\/wp\/v2\/tags?post=30528"}],"curies":[{"name":"wp","href":"https:\/\/api.w.org\/{rel}","templated":true}]}}