{"id":30560,"date":"2024-08-27T18:47:00","date_gmt":"2024-08-27T21:47:00","guid":{"rendered":"https:\/\/dev.animativa.com\/pt-br\/blog\/brunch-com-rebecca-bonbon\/"},"modified":"2024-11-15T09:07:25","modified_gmt":"2024-11-15T12:07:25","slug":"brunch-com-rebecca-bonbon","status":"publish","type":"post","link":"https:\/\/www.animativa.com\/pt-br\/blog\/brunch-com-rebecca-bonbon\/","title":{"rendered":"Brunch Especial: Animativa e Rebecca Bonbon"},"content":{"rendered":"<p>Moda combina com brunch, e Rebecca Bonbon combina com as duas coisas! Este ano a gente lan\u00e7ou diversas novidades no mercado, e, para apresentar as novas licen\u00e7as de 2025, realizamos dois eventos em S\u00e3o Paulo, um deles totalmente dedicado \u00e0 parceria com <a href=\"https:\/\/www.animativa.com\/pt-br\/blog\/rebecca-bonbon\/\">Rebecca Bonbon<\/a>. No dia 2 de agosto, rolou o brunch em colabora\u00e7\u00e3o com a marca para apresentar os novos cadernos da nossa cole\u00e7\u00e3o exclusiva!<\/p>\n<figure class=\"wp-block-image size-large\"><img fetchpriority=\"high\" decoding=\"async\" class=\"wp-image-14989\" title=\"\" src=\"https:\/\/www.animativa.com\/wp-content\/uploads\/2024\/08\/DSC00114-1024x683.jpg\" alt=\"\" width=\"1024\" height=\"683\" \/><\/figure>\n<figure class=\"wp-block-image size-large\"><img decoding=\"async\" class=\"wp-image-14990\" title=\"\" src=\"https:\/\/www.animativa.com\/wp-content\/uploads\/2024\/08\/DSC00188-1024x683.jpg\" alt=\"\" width=\"1024\" height=\"683\" \/><\/figure>\n<figure class=\"wp-block-image size-large\"><img decoding=\"async\" class=\"wp-image-14991\" title=\"\" src=\"https:\/\/www.animativa.com\/wp-content\/uploads\/2024\/08\/DSC00161-1024x683.jpg\" alt=\"\" width=\"1024\" height=\"683\" \/><\/figure>\n<figure class=\"wp-block-image size-large\"><img loading=\"lazy\" decoding=\"async\" class=\"wp-image-14992\" title=\"\" src=\"https:\/\/www.animativa.com\/wp-content\/uploads\/2024\/08\/DSC00175-1024x683.jpg\" alt=\"\" width=\"1024\" height=\"683\" \/><\/figure>\n<figure class=\"wp-block-image size-large\"><img loading=\"lazy\" decoding=\"async\" class=\"wp-image-14993\" title=\"\" src=\"https:\/\/www.animativa.com\/wp-content\/uploads\/2024\/08\/DSC00252-1024x683.jpg\" alt=\"\" width=\"1024\" height=\"683\" \/><\/figure>\n<figure class=\"wp-block-image size-large\"><img loading=\"lazy\" decoding=\"async\" class=\"wp-image-14994\" title=\"\" src=\"https:\/\/www.animativa.com\/wp-content\/uploads\/2024\/08\/DSC00148-683x1024.jpg\" alt=\"\" width=\"683\" height=\"1024\" \/><\/figure>\n<figure class=\"wp-block-image size-large\"><img loading=\"lazy\" decoding=\"async\" class=\"wp-image-14995\" title=\"\" src=\"https:\/\/www.animativa.com\/wp-content\/uploads\/2024\/08\/DSC00083-683x1024.jpg\" alt=\"\" width=\"683\" height=\"1024\" \/><\/figure>\n<p>O Brunch Animativa &amp; Rebecca Bonbon exibiu os produtos da colabora\u00e7\u00e3o e atraiu um p\u00fablico diversificado, apreciador de moda exclusiva, qualidade e design. O evento contou com a presen\u00e7a das influenciadoras Kamily Vital, Maria Eduarda, Callina Costa, Maria Fernanda, Layane Pereira, Vick Klaus, mascote Rebecca Bonbon, Marici Ferreira, da EP grupo e Ana Carla Rudi Sena, da Ag\u00eancia Play.<\/p>\n<p>Uma ativa\u00e7\u00e3o que comprovou o sucesso da escolha dessa parceria!<\/p>\n<p><iframe title=\"Rebecca Bonbon + Animativa: Estilo e charme em cada p\u00e1gina\" width=\"500\" height=\"281\" src=\"https:\/\/www.youtube.com\/embed\/kNcpxkjDNDs?feature=oembed\" frameborder=\"0\" allow=\"accelerometer; autoplay; clipboard-write; encrypted-media; gyroscope; picture-in-picture; web-share\" referrerpolicy=\"strict-origin-when-cross-origin\" allowfullscreen><\/iframe><\/p>\n<h2 class=\"wp-block-heading\">Rebecca Bonbon<\/h2>\n<p>Ainda n\u00e3o conhece a nossa linha de produtos da Rebecca Bonbon? Ent\u00e3o <a href=\"https:\/\/loja.animativa.com\/?utm_source=blog&amp;utm_medium=none&amp;utm_campaign=agosto&amp;utm_id=none&amp;utm_term=none&amp;utm_content=trafego\" target=\"_blank\" rel=\"noopener\">clique aqui<\/a> e confira!<\/p>\n","protected":false},"excerpt":{"rendered":"<p>Moda combina com brunch, e Rebecca Bonbon combina com as duas coisas! Este ano a gente lan\u00e7ou diversas novidades no mercado, e, para apresentar as novas licen\u00e7as de 2025, realizamos dois eventos em S\u00e3o Paulo, um deles totalmente dedicado \u00e0 parceria com Rebecca Bonbon. No dia 2 de agosto, rolou o brunch em colabora\u00e7\u00e3o com [&hellip;]<\/p>\n","protected":false},"author":1,"featured_media":30561,"comment_status":"closed","ping_status":"closed","sticky":false,"template":"","format":"standard","meta":{"_acf_changed":false,"content-type":"","footnotes":""},"categories":[1],"tags":[],"class_list":["post-30560","post","type-post","status-publish","format-standard","has-post-thumbnail","hentry","category-nao-categorizado"],"acf":[],"_links":{"self":[{"href":"https:\/\/www.animativa.com\/pt-br\/wp-json\/wp\/v2\/posts\/30560","targetHints":{"allow":["GET"]}}],"collection":[{"href":"https:\/\/www.animativa.com\/pt-br\/wp-json\/wp\/v2\/posts"}],"about":[{"href":"https:\/\/www.animativa.com\/pt-br\/wp-json\/wp\/v2\/types\/post"}],"author":[{"embeddable":true,"href":"https:\/\/www.animativa.com\/pt-br\/wp-json\/wp\/v2\/users\/1"}],"replies":[{"embeddable":true,"href":"https:\/\/www.animativa.com\/pt-br\/wp-json\/wp\/v2\/comments?post=30560"}],"version-history":[{"count":2,"href":"https:\/\/www.animativa.com\/pt-br\/wp-json\/wp\/v2\/posts\/30560\/revisions"}],"predecessor-version":[{"id":34797,"href":"https:\/\/www.animativa.com\/pt-br\/wp-json\/wp\/v2\/posts\/30560\/revisions\/34797"}],"wp:featuredmedia":[{"embeddable":true,"href":"https:\/\/www.animativa.com\/pt-br\/wp-json\/wp\/v2\/media\/30561"}],"wp:attachment":[{"href":"https:\/\/www.animativa.com\/pt-br\/wp-json\/wp\/v2\/media?parent=30560"}],"wp:term":[{"taxonomy":"category","embeddable":true,"href":"https:\/\/www.animativa.com\/pt-br\/wp-json\/wp\/v2\/categories?post=30560"},{"taxonomy":"post_tag","embeddable":true,"href":"https:\/\/www.animativa.com\/pt-br\/wp-json\/wp\/v2\/tags?post=30560"}],"curies":[{"name":"wp","href":"https:\/\/api.w.org\/{rel}","templated":true}]}}