{"id":30652,"date":"2024-08-02T11:24:36","date_gmt":"2024-08-02T14:24:36","guid":{"rendered":"https:\/\/dev.animativa.com\/pt-br\/blog\/nomes-que-lutaram-pela-liberdade\/"},"modified":"2024-11-04T15:15:14","modified_gmt":"2024-11-04T18:15:14","slug":"nomes-que-lutaram-pela-liberdade","status":"publish","type":"post","link":"https:\/\/www.animativa.com\/pt-br\/blog\/nomes-que-lutaram-pela-liberdade\/","title":{"rendered":"10 Grandes Nomes da Hist\u00f3ria Que Lutaram Pela Liberdade"},"content":{"rendered":"<p><em>\u201cQue nada nos defina, que nada nos sujeite. Que a liberdade seja a nossa pr\u00f3pria subst\u00e2ncia, j\u00e1 que viver \u00e9 ser livre.\u201d &#8211; Simone de Beauvoir<\/em><\/p>\n<p>A Liberdade \u00e9 um direito inegoci\u00e1vel. Ou pelos menos deveria ser. Por\u00e9m, como o mundo (ainda) n\u00e3o \u00e9 do jeito que a gente quer e a sociedade humana segue em evolu\u00e7\u00e3o, n\u00e3o foram poucos os momentos ao longo da hist\u00f3ria que exigiram pessoas corajosas para lutar por diversos tipos de liberdade. Assim, vamos conhecer 10 desses grandes nomes, a quem devemos liberdades que usufru\u00edmos hoje.<\/p>\n<h2 class=\"wp-block-heading\">Origem do Termo \u201cLiberdade\u201d<\/h2>\n<p>A palavra &#8220;Liberdade&#8221; vem do latim &#8220;libertas&#8221; e refere-se \u00e0 condi\u00e7\u00e3o de um indiv\u00edduo que tem o direito de fazer escolhas de maneira aut\u00f4noma, conforme a sua pr\u00f3pria vontade. Na filosofia, a liberdade \u00e9 classificada como a independ\u00eancia do ser humano, abrangendo autonomia, autodetermina\u00e7\u00e3o, espontaneidade e intencionalidade. A liberdade pode ser interpretada de forma ampla ou mais restrita, conforme as defini\u00e7\u00f5es legais. Alguns exemplos de liberdades incluem:<\/p>\n<p>\u2022 Liberdade de pensamento<br \/>\u2022 Liberdade de opini\u00e3o<br \/>\u2022 Liberdade de express\u00e3o<br \/>\u2022 Liberdade religiosa<br \/>\u2022 Liberdade de imprensa<br \/>\u2022 Liberdade de ir e vir<\/p>\n<h2 class=\"wp-block-heading\">Grandes Nomes Que Lutaram Pela Liberdade<\/h2>\n<h3 class=\"wp-block-heading\">1. Lu\u00eds Gama<\/h3>\n<figure class=\"wp-block-image size-full\"><img loading=\"lazy\" decoding=\"async\" loading=\"lazy\" width=\"700\" height=\"400\" src=\"https:\/\/www.animativa.com\/wp-content\/uploads\/2024\/08\/luiz-gama.webp\" alt=\"\" class=\"wp-image-14468\" title=\"\" \/><\/figure>\n<p>Nascido em 1830, em Salvador, Lu\u00eds Gama era filho de uma m\u00e3e africana livre e um pai branco de origem portuguesa. Aos quatro anos, sua m\u00e3e, Lu\u00edsa, participou da revolta dos Mal\u00eas na Bahia, que buscava o fim da escravid\u00e3o. Quando tinha dez anos, Gama foi tra\u00eddo por um amigo de seu pai, que o vendeu como escravo. Assim, &#8220;embarcou livre em Salvador e desembarcou escravo no Rio de Janeiro&#8221;, segundo a soci\u00f3loga Angela Alonso em seu livro &#8220;Flores, Votos e Balas&#8221;, sobre o movimento abolicionista. Depois de muitas batalhas, tornou-se advogado e lutou pela igualdade racial.<\/p>\n<h3 class=\"wp-block-heading\">2. Mahatma Gandhi<\/h3>\n<figure class=\"wp-block-image size-full\"><img loading=\"lazy\" decoding=\"async\" loading=\"lazy\" width=\"807\" height=\"454\" src=\"https:\/\/www.animativa.com\/wp-content\/uploads\/2024\/08\/11B-Mahatma-Ghandi_pt_BR.jpg\" alt=\"\" class=\"wp-image-14469\" title=\"\" \/><\/figure>\n<p>Mohandas Karamchand Gandhi foi um l\u00edder pacifista indiano que lutou pela independ\u00eancia da \u00cdndia. Conhecido por sua pol\u00edtica de desobedi\u00eancia civil, ele defendia a n\u00e3o-viol\u00eancia e usava jejuns como forma de protesto. Seu nome, Mahatma, significa &#8220;grande alma&#8221; em s\u00e2nscrito. Embora tenha sido indicado cinco vezes ao Nobel da Paz entre 1937 e 1948, Gandhi nunca recebeu o pr\u00eamio.<\/p>\n<h3 class=\"wp-block-heading\">3. Nelson Mandela<\/h3>\n<figure class=\"wp-block-image size-full\"><img loading=\"lazy\" decoding=\"async\" loading=\"lazy\" width=\"759\" height=\"500\" src=\"https:\/\/www.animativa.com\/wp-content\/uploads\/2024\/08\/image_processing20200718-13678-3h4929.jpeg\" alt=\"\" class=\"wp-image-14470\" title=\"\" \/><\/figure>\n<p>Nelson Mandela foi um l\u00edder pol\u00edtico sul-africano que combateu o apartheid, um regime de segrega\u00e7\u00e3o racial na \u00c1frica do Sul que privava os negros de diversos direitos. Mandela ficou preso de 1964 a 1990. Ap\u00f3s sua liberta\u00e7\u00e3o, recebeu o Pr\u00eamio Nobel da Paz em 1993 por seus esfor\u00e7os para acabar com a segrega\u00e7\u00e3o racial e, em 1994, tornou-se o primeiro presidente negro da \u00c1frica do Sul.<\/p>\n<h3 class=\"wp-block-heading\">4. Malala Yousufzai<\/h3>\n<figure class=\"wp-block-image size-full\"><img loading=\"lazy\" decoding=\"async\" loading=\"lazy\" width=\"960\" height=\"540\" src=\"https:\/\/www.animativa.com\/wp-content\/uploads\/2024\/08\/citacoes-malala-960x540-1.jpg\" alt=\"\" class=\"wp-image-14471\" title=\"\" \/><\/figure>\n<p>Aos 11 anos, Malala Yousufzai j\u00e1 demonstrava incr\u00edvel coragem ao denunciar, em um blog na BBC Urdu, os abusos do Talib\u00e3 em sua regi\u00e3o no Paquist\u00e3o. Moradora do Swat Valley, \u00e1rea dominada pelo Talib\u00e3 em 2009, ela lutou contra a proibi\u00e7\u00e3o das meninas de frequentarem escolas. Em 9 de outubro, membros do grupo invadiram o \u00f4nibus escolar onde ela estava e atiraram em sua cabe\u00e7a e pesco\u00e7o, ferindo-a gravemente. O ataque gerou revolta e protestos ao redor do mundo, transformando Malala em um s\u00edmbolo na luta pela liberdade.<\/p>\n<h3 class=\"wp-block-heading\">5. Leolinda Daltro<\/h3>\n<figure class=\"wp-block-image size-full\"><img loading=\"lazy\" decoding=\"async\" loading=\"lazy\" width=\"1024\" height=\"578\" src=\"https:\/\/www.animativa.com\/wp-content\/uploads\/2024\/08\/Leolinda-1024x578-1.jpg\" alt=\"\" class=\"wp-image-14472\" title=\"\" \/><\/figure>\n<p>Um dos elementos fundamentais da democracia \u00e9 o direito ao voto. Imagine n\u00e3o poder votar por causa do g\u00eanero. At\u00e9 pouco tempo atr\u00e1s, as mulheres no Brasil eram proibidas de votar. A Constitui\u00e7\u00e3o de 1891 permitia o voto a todos com mais de 21 anos, mas, na pr\u00e1tica, isso n\u00e3o inclu\u00eda as mulheres. Nesse contexto, surge Leolinda Daltro, professora e m\u00e3e divorciada, que junto com suas alunas iniciou uma s\u00e9rie de manifesta\u00e7\u00f5es a favor do direito ao voto para mulheres.<\/p>\n<h3 class=\"wp-block-heading\">6. Zumbi dos Palmares<\/h3>\n<figure class=\"wp-block-image size-full\"><img loading=\"lazy\" decoding=\"async\" loading=\"lazy\" width=\"640\" height=\"424\" src=\"https:\/\/www.animativa.com\/wp-content\/uploads\/2024\/08\/zumbi-palmares.webp\" alt=\"\" class=\"wp-image-14473\" title=\"\" \/><\/figure>\n<p>Zumbi dos Palmares foi o \u00faltimo e mais significativo l\u00edder do Quilombo dos Palmares. Ele ganhou respeito e admira\u00e7\u00e3o de seus companheiros quilombolas por suas habilidades como guerreiro, sua coragem, lideran\u00e7a e conhecimentos de estrat\u00e9gia militar. Zumbi lutou pela liberdade de culto, religi\u00e3o e pelo fim da escravid\u00e3o no Brasil colonial.<\/p>\n<h3 class=\"wp-block-heading\">7. Maria Firmina dos Reis<\/h3>\n<figure class=\"wp-block-image size-large\"><img loading=\"lazy\" decoding=\"async\" loading=\"lazy\" width=\"1024\" height=\"683\" src=\"https:\/\/www.animativa.com\/wp-content\/uploads\/2024\/08\/Maria-Firmina-dos-Reis-Presente_Lena-Roque_foto-Pedro-Jackson_29-scaled-1-1024x683.jpg\" alt=\"\" class=\"wp-image-14474\" title=\"\" \/><\/figure>\n<p>Durante a \u00e9poca da escravid\u00e3o, Maria Firmina dos Reis se tornou a primeira romancista negra do Brasil. Aos 22 anos, foi a primeira mulher de sua cidade, Guimar\u00e3es, no Maranh\u00e3o, a ser aprovada em um concurso para professora. Publicou poesias e ensaios em jornais e revistas locais, e, em 1859, lan\u00e7ou seu primeiro livro, &#8220;\u00darsula&#8221;, um romance que retratava a crueldade da escravid\u00e3o do ponto de vista dos escravos. Em 1887, publicou o conto &#8220;A Escrava&#8221;, que narra a luta de uma ex-escrava pelo movimento abolicionista.<\/p>\n<h3 class=\"wp-block-heading\">8. N\u00edsia Floresta<\/h3>\n<figure class=\"wp-block-image size-large\"><img loading=\"lazy\" decoding=\"async\" loading=\"lazy\" width=\"1024\" height=\"445\" src=\"https:\/\/www.animativa.com\/wp-content\/uploads\/2024\/08\/nisia-1024x445.jpg\" alt=\"\" class=\"wp-image-14475\" title=\"\" \/><\/figure>\n<p>N\u00edsia Floresta, nome liter\u00e1rio de Dion\u00edsia, foi uma professora, escritora e fil\u00f3sofa, filha de pai portugu\u00eas e m\u00e3e brasileira. Ela \u00e9 considerada a primeira professora brasileira a lutar abertamente pelos direitos das mulheres. Suas publica\u00e7\u00f5es denunciavam a inferioridade vivida pelas mulheres brasileiras na \u00e9poca e lutavam contra os preconceitos e pela igualdade de g\u00eanero.<\/p>\n<h3 class=\"wp-block-heading\">9. Bob Marley<\/h3>\n<figure class=\"wp-block-image size-full\"><img loading=\"lazy\" decoding=\"async\" loading=\"lazy\" width=\"984\" height=\"652\" src=\"https:\/\/www.animativa.com\/wp-content\/uploads\/2024\/08\/portalcbncampinas.com_.br-bob-marley-bob-2.jpg\" alt=\"\" class=\"wp-image-14476\" title=\"\" \/><\/figure>\n<p>Bob Marley foi um revolucion\u00e1rio cuja obra desafiou injusti\u00e7as sociais, promoveu a espiritualidade Rastaf\u00e1ri e clamou pela unifica\u00e7\u00e3o pan-africana. Com mais de 75 milh\u00f5es de discos vendidos, sua influ\u00eancia transcendeu a m\u00fasica, tornando-se um s\u00edmbolo global de luta pela liberdade e igualdade.<\/p>\n<h3 class=\"wp-block-heading\">10. Harriet Tubman<\/h3>\n<figure class=\"wp-block-image size-full\"><img loading=\"lazy\" decoding=\"async\" loading=\"lazy\" width=\"1024\" height=\"682\" src=\"https:\/\/www.animativa.com\/wp-content\/uploads\/2024\/08\/2-3.webp\" alt=\"\" class=\"wp-image-14477\" title=\"\" \/><\/figure>\n<p>Harriet Tubman, uma mulher afro-americana nascida escravizada, conquistou sua liberdade ao fugir do cativeiro. Ela dedicou sua vida ao combate \u00e0 escravid\u00e3o, palestrando em associa\u00e7\u00f5es abolicionistas e ajudando escravizados a fugirem pelo sul dos Estados Unidos atrav\u00e9s de rotas de fuga. Tubman tamb\u00e9m desempenhou um papel importante na Guerra Civil Americana.<\/p>\n<h2 class=\"wp-block-heading\">Juntos Pela Liberdade!<\/h2>\n<p>Conhe\u00e7a nosso <a href=\"https:\/\/loja.animativa.com\/?utm_source=blog&amp;utm_medium=post&amp;utm_campaign=blog2store&amp;utm_content=nomes-que-lutaram-pela-liberdade\" target=\"_blank\" rel=\"noopener\">e-commerce<\/a> e liberte-se para um mundo de criatividade!<\/p>\n","protected":false},"excerpt":{"rendered":"<p>\u201cQue nada nos defina, que nada nos sujeite. Que a liberdade seja a nossa pr\u00f3pria subst\u00e2ncia, j\u00e1 que viver \u00e9 ser livre.\u201d &#8211; Simone de Beauvoir A Liberdade \u00e9 um direito inegoci\u00e1vel. Ou pelos menos deveria ser. Por\u00e9m, como o mundo (ainda) n\u00e3o \u00e9 do jeito que a gente quer e a sociedade humana segue [&hellip;]<\/p>\n","protected":false},"author":1,"featured_media":30653,"comment_status":"closed","ping_status":"closed","sticky":false,"template":"","format":"standard","meta":{"_acf_changed":false,"content-type":"","footnotes":""},"categories":[1],"tags":[],"class_list":["post-30652","post","type-post","status-publish","format-standard","has-post-thumbnail","hentry","category-nao-categorizado"],"acf":[],"_links":{"self":[{"href":"https:\/\/www.animativa.com\/pt-br\/wp-json\/wp\/v2\/posts\/30652","targetHints":{"allow":["GET"]}}],"collection":[{"href":"https:\/\/www.animativa.com\/pt-br\/wp-json\/wp\/v2\/posts"}],"about":[{"href":"https:\/\/www.animativa.com\/pt-br\/wp-json\/wp\/v2\/types\/post"}],"author":[{"embeddable":true,"href":"https:\/\/www.animativa.com\/pt-br\/wp-json\/wp\/v2\/users\/1"}],"replies":[{"embeddable":true,"href":"https:\/\/www.animativa.com\/pt-br\/wp-json\/wp\/v2\/comments?post=30652"}],"version-history":[{"count":1,"href":"https:\/\/www.animativa.com\/pt-br\/wp-json\/wp\/v2\/posts\/30652\/revisions"}],"predecessor-version":[{"id":34074,"href":"https:\/\/www.animativa.com\/pt-br\/wp-json\/wp\/v2\/posts\/30652\/revisions\/34074"}],"wp:featuredmedia":[{"embeddable":true,"href":"https:\/\/www.animativa.com\/pt-br\/wp-json\/wp\/v2\/media\/30653"}],"wp:attachment":[{"href":"https:\/\/www.animativa.com\/pt-br\/wp-json\/wp\/v2\/media?parent=30652"}],"wp:term":[{"taxonomy":"category","embeddable":true,"href":"https:\/\/www.animativa.com\/pt-br\/wp-json\/wp\/v2\/categories?post=30652"},{"taxonomy":"post_tag","embeddable":true,"href":"https:\/\/www.animativa.com\/pt-br\/wp-json\/wp\/v2\/tags?post=30652"}],"curies":[{"name":"wp","href":"https:\/\/api.w.org\/{rel}","templated":true}]}}