{"id":30704,"date":"2024-07-25T09:10:10","date_gmt":"2024-07-25T12:10:10","guid":{"rendered":"https:\/\/dev.animativa.com\/pt-br\/blog\/dia-nacional-do-escritor-autores-essenciais-para-inspirar-sua-escrita\/"},"modified":"2024-11-04T15:15:19","modified_gmt":"2024-11-04T18:15:19","slug":"dia-nacional-do-escritor-autores-essenciais-para-inspirar-sua-escrita","status":"publish","type":"post","link":"https:\/\/www.animativa.com\/pt-br\/blog\/dia-nacional-do-escritor-autores-essenciais-para-inspirar-sua-escrita\/","title":{"rendered":"Dia Nacional do Escritor: 15 Autores Brasileiros Essenciais Para Inspirar Sua Escrita"},"content":{"rendered":"<p>Em se falando de arte, nosso pa\u00eds \u00e9 uma pot\u00eancia em diversas \u00e1reas: cinema, m\u00fasica, teatro e tamb\u00e9m a escrita. Ao longo dos s\u00e9culos, surgiram escritores e escritoras que criaram obras marcantes e refer\u00eancias para a literatura mundial. Por isso, aproveitamos o Dia Nacional do Escritor para saber mais sobre a data e conhecer alguns dos principais escritores do Brasil.<\/p>\n<h2 class=\"wp-block-heading\">Origem da Data<\/h2>\n<p>O Dia Nacional do Escritor foi institu\u00eddo por uma portaria assinada em 21 de julho de 1960 pelo ministro da Educa\u00e7\u00e3o e Cultura, Pedro Paulo Penido. A data para a celebra\u00e7\u00e3o, 25 de julho, foi escolhida porque naquele ano, nesse dia seria realizado o 1\u00ba Festival do Escritor Brasileiro no Rio de Janeiro, um evento promovido pela Uni\u00e3o Brasileira de Escritores (UBE) e que tinha como vice-presidente o renomado escritor Jorge Amado.<\/p>\n<h3 class=\"wp-block-heading\">Objetivos<\/h3>\n<p>No Dia Nacional do Escritor, diversas solenidades e eventos ocorrem em escolas, bibliotecas, academias e \u00f3rg\u00e3os p\u00fablicos, celebrando a vida e obra dos escritores e escritoras do Brasil. Esta data foi pensada para refletir sobre os desafios enfrentados por essa classe, tanto na cria\u00e7\u00e3o e divulga\u00e7\u00e3o de seus trabalhos quanto nas quest\u00f5es legais relacionadas aos direitos autorais. Al\u00e9m disso, a ocasi\u00e3o \u00e9 prop\u00edcia para promover a\u00e7\u00f5es que valorizem a literatura brasileira e incentivem a leitura de obras nacionais. Bibliotecas e editoras podem aproveitar para destacar os cl\u00e1ssicos da literatura nacional e apresentar obras contempor\u00e2neas, seja de autores j\u00e1 renomados ou de novos talentos emergentes. As escolas, por sua vez, t\u00eam a miss\u00e3o de valorizar e enaltecer a cultura brasileira, promovendo o conhecimento sobre obras e seus respectivos autores. Assim, este dia se torna uma oportunidade para dar destaque \u00e0s figuras ic\u00f4nicas da nossa literatura, homenageando grandes nomes por suas contribui\u00e7\u00f5es \u00e0s artes e \u00e0 cultura nacional. Tamb\u00e9m \u00e9 uma chance para resgatar autores e autoras que foram esquecidos com o tempo, mas que merecem reconhecimento nacional por sua import\u00e2ncia est\u00e9tica ou hist\u00f3rica.<\/p>\n<h2 class=\"wp-block-heading\">15 Autores Essenciais<\/h2>\n<p>O Brasil tem uma lista praticamente intermin\u00e1vel de autores aclamados n\u00e3o s\u00f3 por aqui, mas mundo afora. Com estilos pr\u00f3prios e vindos de \u00e9pocas, contextos e situa\u00e7\u00f5es diferentes uns dos outros, eles representam todo o potencial criativo do brasileiro. Por isso, separamos 15 autores essenciais para voc\u00ea dar aten\u00e7\u00e3o:<\/p>\n<h3 class=\"wp-block-heading\">1. Jos\u00e9 de Alencar<\/h3>\n<figure class=\"wp-block-image size-large\"><img loading=\"lazy\" decoding=\"async\" loading=\"lazy\" width=\"1024\" height=\"410\" src=\"https:\/\/www.animativa.com\/wp-content\/uploads\/2024\/07\/josc3a9-de-alencar-27-livros-para-downloaddownload1-1024x410.webp\" alt=\"\" class=\"wp-image-14307\" title=\"\" \/><\/figure>\n<p>Jos\u00e9 de Alencar \u00e9 considerado o pioneiro do romance nacional. Embora tenha se formado em direito, sua verdadeira paix\u00e3o era a escrita. Ap\u00f3s o sucesso de &#8220;O Guarani&#8221;, ele se dedicou ainda mais \u00e0 carreira liter\u00e1ria, eventualmente se envolvendo com a pol\u00edtica. Alencar produziu romances, contos, cr\u00f4nicas, pe\u00e7as de teatro e uma autobiografia.<\/p>\n<h3 class=\"wp-block-heading\">2. Cec\u00edlia Meireles&nbsp;<\/h3>\n<figure class=\"wp-block-image size-large\"><img loading=\"lazy\" decoding=\"async\" loading=\"lazy\" width=\"1024\" height=\"577\" src=\"https:\/\/www.animativa.com\/wp-content\/uploads\/2024\/07\/f57693e13e4cd7014c75823e43b80b17-1024x577.png\" alt=\"\" class=\"wp-image-14308\" title=\"\" \/><\/figure>\n<p>Cec\u00edlia Meireles foi a primeira escritora brasileira a ganhar grande notoriedade no meio liter\u00e1rio. Com mais de cinquenta obras publicadas, ela estreou no mundo editorial aos dezoito anos com &#8220;Espectros&#8221;. Seu portf\u00f3lio inclui poemas, romances, livros infantis e textos jornal\u00edsticos, todos reconhecidos e premiados.<\/p>\n<h3 class=\"wp-block-heading\">3. Carlos Drummond de Andrade<\/h3>\n<figure class=\"wp-block-image size-large\"><img loading=\"lazy\" decoding=\"async\" loading=\"lazy\" width=\"1024\" height=\"577\" src=\"https:\/\/www.animativa.com\/wp-content\/uploads\/2024\/07\/010CDA-Gautherot_1920x1080-1024x577.jpg\" alt=\"\" class=\"wp-image-14309\" title=\"\" \/><\/figure>\n<p>A poesia de Carlos Drummond de Andrade \u00e9 reconhecida internacionalmente e ele \u00e9 visto como a maior influ\u00eancia na poesia brasileira. Seus versos livres e linguagem simples resultaram em uma vasta obra, sendo &#8220;A Rosa do Povo&#8221; uma das mais bem faladas e que o consolidou entre os cl\u00e1ssicos nacionais.<\/p>\n<h3 class=\"wp-block-heading\">4. Clarice Lispector<\/h3>\n<figure class=\"wp-block-image size-large\"><img loading=\"lazy\" decoding=\"async\" loading=\"lazy\" width=\"1024\" height=\"512\" src=\"https:\/\/www.animativa.com\/wp-content\/uploads\/2024\/07\/clarice-lispector-1024x512.webp\" alt=\"\" class=\"wp-image-14310\" title=\"\" \/><\/figure>\n<p>Clarice Lispector \u00e9 adorada por gera\u00e7\u00f5es de jovens brasileiros devido \u00e0 profundidade e sentimentalismo de sua obra. Nascida na Ucr\u00e2nia e naturalizada brasileira, ela escreveu poemas, romances, artigos para jornais e livros infantis, conquistando um lugar especial na literatura nacional.<\/p>\n<h3 class=\"wp-block-heading\">5. Machado de Assis<\/h3>\n<figure class=\"wp-block-image size-full\"><img loading=\"lazy\" decoding=\"async\" loading=\"lazy\" width=\"720\" height=\"440\" src=\"https:\/\/www.animativa.com\/wp-content\/uploads\/2024\/07\/machado-de-assis.webp\" alt=\"\" class=\"wp-image-14311\" title=\"\" \/><\/figure>\n<p>Machado de Assis \u00e9 o escritor brasileiro mais conhecido internacionalmente, com obras traduzidas para diversas l\u00ednguas e aclamadas por mais de um s\u00e9culo. Primeiro presidente da Academia Brasileira de Letras, sua obra &#8220;Dom Casmurro&#8221; \u00e9 essencial para qualquer pessoa interessada na literatura brasileira.<\/p>\n<h3 class=\"wp-block-heading\">6. Ruth Rocha<\/h3>\n<figure class=\"wp-block-image size-large\"><img loading=\"lazy\" decoding=\"async\" loading=\"lazy\" width=\"1024\" height=\"615\" src=\"https:\/\/www.animativa.com\/wp-content\/uploads\/2024\/07\/Ruth-Rocha_23-1024x615.jpeg\" alt=\"\" class=\"wp-image-14312\" title=\"\" \/><\/figure>\n<p>Um dos nomes mais famosos da literatura infantil no Brasil. Seu cl\u00e1ssico &#8220;Marcelo, Marmelo, Martelo&#8221; j\u00e1 vendeu mais de um milh\u00e3o de c\u00f3pias. Vencedora do Pr\u00eamio Jabuti quatro vezes, \u00e9 autora de hist\u00f3rias que encantam gera\u00e7\u00f5es de crian\u00e7as.<\/p>\n<h3 class=\"wp-block-heading\">7. Jo\u00e3o Cabral de Melo Neto<\/h3>\n<figure class=\"wp-block-image size-large\"><img loading=\"lazy\" decoding=\"async\" loading=\"lazy\" width=\"1024\" height=\"614\" src=\"https:\/\/www.animativa.com\/wp-content\/uploads\/2024\/07\/Joao-Cabral-de-Melo-Neto-1024x614.jpg\" alt=\"\" class=\"wp-image-14313\" title=\"\" \/><figcaption class=\"wp-element-caption\">xr:d:DAFkFmF3JiA:239,j:1750053435830546787,t:23100419<\/figcaption><\/figure>\n<p>Jo\u00e3o Cabral de Melo Neto \u00e9 um dos principais nomes da Gera\u00e7\u00e3o de 1945. Autor do cl\u00e1ssico poema dram\u00e1tico &#8220;Morte e Vida Severina&#8221; suas obras s\u00e3o conhecidas pela rigidez formal e influ\u00eancia da cultura popular, utilizando muitas imagens surrealistas.<\/p>\n<h3 class=\"wp-block-heading\">8. Ad\u00e9lia Prado (1935)<\/h3>\n<figure class=\"wp-block-image size-large\"><img loading=\"lazy\" decoding=\"async\" loading=\"lazy\" width=\"1024\" height=\"576\" src=\"https:\/\/www.animativa.com\/wp-content\/uploads\/2024\/07\/Adelia_Prado-1024x576.png\" alt=\"\" class=\"wp-image-14314\" title=\"\" \/><\/figure>\n<p>Ad\u00e9lia Prado \u00e9 uma das escritoras mais respeitadas da literatura nacional, com uma obra que integra a perspectiva feminina com temas de f\u00e9 e vida cotidiana. Seus livros foram traduzidos para o ingl\u00eas e ela ganhou v\u00e1rios pr\u00eamios, como o Pr\u00eamio Jabuti e o Pr\u00eamio da Associa\u00e7\u00e3o Paulista dos Cr\u00edticos de Arte.<\/p>\n<h3 class=\"wp-block-heading\">9. Graciliano Ramos<\/h3>\n<figure class=\"wp-block-image size-full\"><img loading=\"lazy\" decoding=\"async\" loading=\"lazy\" width=\"860\" height=\"484\" src=\"https:\/\/www.animativa.com\/wp-content\/uploads\/2024\/07\/graciliano-ramos-escritor-credito-divulgacao-editora-record.webp\" alt=\"\" class=\"wp-image-14315\" title=\"\" \/><\/figure>\n<p>Graciliano Ramos \u00e9 o prosador mais importante da segunda metade do modernismo brasileiro. Com a publica\u00e7\u00e3o de &#8220;Vidas Secas&#8221;, o autor alagoano assegurou seu lugar na literatura nacional. Com mais de vinte obras publicadas, ele \u00e9 um nome indispens\u00e1vel ao se falar em cl\u00e1ssicos brasileiros.<\/p>\n<h3 class=\"wp-block-heading\">10. Mario Quintana<\/h3>\n<figure class=\"wp-block-image size-large\"><img loading=\"lazy\" decoding=\"async\" loading=\"lazy\" width=\"1024\" height=\"576\" src=\"https:\/\/www.animativa.com\/wp-content\/uploads\/2024\/07\/Mario_quintana-1024x576.jpg\" alt=\"\" class=\"wp-image-14316\" title=\"\" \/><\/figure>\n<p>M\u00e1rio Quintana, autor dos c\u00e9lebres versos &#8220;Todos esses que a\u00ed est\u00e3o atravancando meu caminho: eles passar\u00e3o, eu passarinho&#8221;, \u00e9 um poeta ga\u00facho tamb\u00e9m conhecido como jornalista e tradutor. Sua linguagem simples e tocante proporciona grande identifica\u00e7\u00e3o com os leitores, tornando-o um dos maiores poetas do s\u00e9culo XX.<\/p>\n<h3 class=\"wp-block-heading\">11. Guimar\u00e3es Rosa<\/h3>\n<figure class=\"wp-block-image size-large\"><img loading=\"lazy\" decoding=\"async\" loading=\"lazy\" width=\"1024\" height=\"615\" src=\"https:\/\/www.animativa.com\/wp-content\/uploads\/2024\/07\/32929781_Rio-de-Janeiro-RJ02-01-1961Joao-Guimaraes-Rosa-EscritorFot-1024x615.jpg\" alt=\"\" class=\"wp-image-14317\" title=\"\" \/><\/figure>\n<p>Guimar\u00e3es Rosa, autor do \u00e9pico &#8220;Grande Sert\u00e3o: Veredas&#8221;, foi um m\u00e9dico mineiro fluente em mais de nove idiomas. Ap\u00f3s anos de carreira diplom\u00e1tica, dedicou-se \u00e0 escrita, alcan\u00e7ando sucesso imediato com sua primeira publica\u00e7\u00e3o.<\/p>\n<h3 class=\"wp-block-heading\">12. Luis Fernando Ver\u00edssimo<\/h3>\n<figure class=\"wp-block-image size-large\"><img loading=\"lazy\" decoding=\"async\" loading=\"lazy\" width=\"1024\" height=\"683\" src=\"https:\/\/www.animativa.com\/wp-content\/uploads\/2024\/07\/1200px-Luis_Fernando_Verissimo_41536673330-1024x683.jpg\" alt=\"\" class=\"wp-image-14318\" title=\"\" \/><\/figure>\n<p>Luis Fernando Ver\u00edssimo, com mais de sessenta t\u00edtulos em seu nome, \u00e9 um dos escritores contempor\u00e2neos mais renomados do Brasil. Sua habilidade para a escrita criativa, especialmente em contos sobre o cotidiano, rendeu-lhe dois Pr\u00eamios Jabuti.<\/p>\n<h3 class=\"wp-block-heading\">13. Ana Maria Machado<\/h3>\n<figure class=\"wp-block-image size-large\"><img loading=\"lazy\" decoding=\"async\" loading=\"lazy\" width=\"1024\" height=\"615\" src=\"https:\/\/www.animativa.com\/wp-content\/uploads\/2024\/07\/AnaMariaMachado-1024x615.jpg\" alt=\"\" class=\"wp-image-14319\" title=\"\" \/><\/figure>\n<p>Ana Maria Machado \u00e9 uma gigante da literatura infantil, premiada e traduzida para v\u00e1rias l\u00ednguas, al\u00e9m de ser membro da Academia Brasileira de Letras. Fundadora da primeira livraria especializada em livros infantis do Brasil, ela publicou mais de cem obras.<\/p>\n<h3 class=\"wp-block-heading\">14. Concei\u00e7\u00e3o Evaristo<\/h3>\n<figure class=\"wp-block-image size-full\"><img loading=\"lazy\" decoding=\"async\" loading=\"lazy\" width=\"720\" height=\"440\" src=\"https:\/\/www.animativa.com\/wp-content\/uploads\/2024\/07\/Conceicao-Evaristo_maio-CCBB-Aline-Macedo.webp\" alt=\"\" class=\"wp-image-14320\" title=\"\" \/><\/figure>\n<p>Concei\u00e7\u00e3o Evaristo, nascida em uma favela de Minas Gerais, \u00e9 um dos principais nomes da literatura do Brasil. Convidada frequentemente para eventos liter\u00e1rios importantes como a Festa Liter\u00e1ria Internacional de Paraty (FLIP), publicou diversos contos em antologias, uma cole\u00e7\u00e3o de poemas e dois romances.<\/p>\n<h3 class=\"wp-block-heading\">15. Lima Barreto<\/h3>\n<figure class=\"wp-block-image size-large\"><img loading=\"lazy\" decoding=\"async\" loading=\"lazy\" width=\"1024\" height=\"576\" src=\"https:\/\/www.animativa.com\/wp-content\/uploads\/2024\/07\/Lima-Barreto-1200x675-1-1024x576.jpg\" alt=\"\" class=\"wp-image-14321\" title=\"\" \/><\/figure>\n<p>Lima Barreto foi um escritor carioca que explorou o romance, o conto e a cr\u00f4nica. Politicamente engajado, ele abordou as desigualdades e a hipocrisia da sociedade brasileira na primeira metade do s\u00e9culo XX. Seu estilo, marcado pela ironia e humor, tamb\u00e9m apresenta um car\u00e1ter jornal\u00edstico e documental.<\/p>\n<h2 class=\"wp-block-heading\">Gosta de Escrever?<\/h2>\n<p>Conta pra gente nos coment\u00e1rios: quais suas obras preferidas e qual o seu escritor brasileiro favorito? \u2935\ufe0f<\/p>\n","protected":false},"excerpt":{"rendered":"<p>Em se falando de arte, nosso pa\u00eds \u00e9 uma pot\u00eancia em diversas \u00e1reas: cinema, m\u00fasica, teatro e tamb\u00e9m a escrita. Ao longo dos s\u00e9culos, surgiram escritores e escritoras que criaram obras marcantes e refer\u00eancias para a literatura mundial. Por isso, aproveitamos o Dia Nacional do Escritor para saber mais sobre a data e conhecer alguns [&hellip;]<\/p>\n","protected":false},"author":1,"featured_media":30705,"comment_status":"closed","ping_status":"closed","sticky":false,"template":"","format":"standard","meta":{"_acf_changed":false,"content-type":"","footnotes":""},"categories":[1],"tags":[],"class_list":["post-30704","post","type-post","status-publish","format-standard","has-post-thumbnail","hentry","category-nao-categorizado"],"acf":[],"_links":{"self":[{"href":"https:\/\/www.animativa.com\/pt-br\/wp-json\/wp\/v2\/posts\/30704","targetHints":{"allow":["GET"]}}],"collection":[{"href":"https:\/\/www.animativa.com\/pt-br\/wp-json\/wp\/v2\/posts"}],"about":[{"href":"https:\/\/www.animativa.com\/pt-br\/wp-json\/wp\/v2\/types\/post"}],"author":[{"embeddable":true,"href":"https:\/\/www.animativa.com\/pt-br\/wp-json\/wp\/v2\/users\/1"}],"replies":[{"embeddable":true,"href":"https:\/\/www.animativa.com\/pt-br\/wp-json\/wp\/v2\/comments?post=30704"}],"version-history":[{"count":2,"href":"https:\/\/www.animativa.com\/pt-br\/wp-json\/wp\/v2\/posts\/30704\/revisions"}],"predecessor-version":[{"id":34079,"href":"https:\/\/www.animativa.com\/pt-br\/wp-json\/wp\/v2\/posts\/30704\/revisions\/34079"}],"wp:featuredmedia":[{"embeddable":true,"href":"https:\/\/www.animativa.com\/pt-br\/wp-json\/wp\/v2\/media\/30705"}],"wp:attachment":[{"href":"https:\/\/www.animativa.com\/pt-br\/wp-json\/wp\/v2\/media?parent=30704"}],"wp:term":[{"taxonomy":"category","embeddable":true,"href":"https:\/\/www.animativa.com\/pt-br\/wp-json\/wp\/v2\/categories?post=30704"},{"taxonomy":"post_tag","embeddable":true,"href":"https:\/\/www.animativa.com\/pt-br\/wp-json\/wp\/v2\/tags?post=30704"}],"curies":[{"name":"wp","href":"https:\/\/api.w.org\/{rel}","templated":true}]}}