{"id":30736,"date":"2024-07-20T12:20:23","date_gmt":"2024-07-20T15:20:23","guid":{"rendered":"https:\/\/dev.animativa.com\/pt-br\/blog\/biografia-wolverine\/"},"modified":"2024-11-14T22:27:27","modified_gmt":"2024-11-15T01:27:27","slug":"biografia-wolverine","status":"publish","type":"post","link":"https:\/\/www.animativa.com\/pt-br\/blog\/biografia-wolverine\/","title":{"rendered":"Biografia do Her\u00f3i: Wolverine"},"content":{"rendered":"<p><em>\u201cA natureza me fez uma aberra\u00e7\u00e3o. O homem me fez uma arma. E Deus fez isso durar muito tempo.\u201d<\/em><\/p>\n<p>Depois da <a href=\"https:\/\/www.animativa.com\/pt-br\/blog\/biografia-deadpool\/\">ficha corrida do Deadpool<\/a>, conhe\u00e7a agora a hist\u00f3ria da fera que \u00e9 o mais adorado entre todos os X-Men \u2013 e talvez entre todos os personagens da Marvel: Wolverine!<\/p>\n<p>J\u00e1 parou para se perguntar os motivos que levam Logan a ser t\u00e3o idolatrado? Humano ou fera? Mau ou bom? Descubra com a gente as nuances do personagem que tem uma das <em>fanbases<\/em> mais fan\u00e1ticas do mundo geek!<\/p>\n<h2 class=\"wp-block-heading\">Cria\u00e7\u00e3o<\/h2>\n<p>Wolverine foi criado por Len Wein e John Romita Sr., visando introduzir um novo membro na equipe dos X-Men, originalmente concebido como um advers\u00e1rio formid\u00e1vel e enigm\u00e1tico. Herb Trimpe foi o respons\u00e1vel pelo seu design distinto, incluindo as ic\u00f4nicas garras e o traje em tons de amarelo e azul. Contudo, foi a parceria de Chris Claremont com o ilustrador John Byrne que elevou o status de Wolverine, aprofundando sua hist\u00f3ria e complexidade. Claremont desvendou a origem canadense do personagem, sua conex\u00e3o com o projeto Arma X e seu turbulento passado, aspectos que enriqueceram sua figura e o tornaram extremamente popular entre os leitores.<\/p>\n<h2 class=\"wp-block-heading\">Origem<\/h2>\n<p>A trajet\u00f3ria de Logan \u00e9 marcada por enigmas, at\u00e9 mesmo para os f\u00e3s mais aficionados da Marvel, por conta das suas frequentes perdas de mem\u00f3ria. Identificado originalmente como James Howlett, ele nasceu no Canad\u00e1, na segunda metade do s\u00e9culo XIX, como filho ileg\u00edtimo de Thomas Logan, que foi acidentalmente morto pelo pr\u00f3prio filho. Ap\u00f3s o incidente, ele adotou o nome Logan e passou muitos anos vivendo nas florestas. Anos mais tarde, foi recrutado pelo governo canadense para o projeto Arma X, j\u00e1 manifestando habilidades mutantes como garras \u00f3sseas e regenera\u00e7\u00e3o acelerada.<\/p>\n<p><iframe title=\"WOLVERINE: ORIGEM - Hist\u00f3ria Completa\" width=\"500\" height=\"281\" src=\"https:\/\/www.youtube.com\/embed\/CDRU2wjvcX0?feature=oembed\" frameborder=\"0\" allow=\"accelerometer; autoplay; clipboard-write; encrypted-media; gyroscope; picture-in-picture; web-share\" referrerpolicy=\"strict-origin-when-cross-origin\" allowfullscreen><\/iframe><\/p>\n<h2 class=\"wp-block-heading\">Adamantium<\/h2>\n<p>Adamantium \u00e9 uma liga de ferro extremamente r\u00edgida praticamente indestrut\u00edvel. Uma quantidade suficiente consegue sobreviver a m\u00faltiplas explos\u00f5es nucleares ou um golpe do super-humano mais poderoso sem danos, a l\u00e2mina de Adamantium puro e prim\u00e1rio \u00e9 capaz de cortar quase qualquer subst\u00e2ncia conhecida. Durante sua participa\u00e7\u00e3o no Arma X, Wolverine teve seu esqueleto revestido com adamantium, o que resultou na perda de suas mem\u00f3rias pr\u00e9vias. Ap\u00f3s esse per\u00edodo, ele se juntou ao grupo Tropa Alfa, sua primeira equipe de super poderosos, e eventualmente, migrou para os X-Men, onde encontrou um lar permanente.<\/p>\n<h2 class=\"wp-block-heading\">De James Howlett a Logan<\/h2>\n<p>A vida de Wolverine, antes conhecido como James Howlett, foi cercada de segredos e revela\u00e7\u00f5es tardias, como mostrado nas s\u00e9ries \u201cArma X\u201d e \u201cWolverine: Origem\u201d. A hist\u00f3ria conta que James descobriu seus poderes mutantes, incluindo garras \u00f3sseas e um fator de cura excepcional, quando ainda era jovem. Sua vida se tornou ca\u00f3tica ap\u00f3s essas descobertas, culminando em seu recrutamento para o projeto Arma X, onde teve sua mem\u00f3ria apagada e foi transformado em uma arma viva.<\/p>\n<h2 class=\"wp-block-heading\">Wolverine e os X-Men<\/h2>\n<p>Embora seja frequentemente retratado como um indiv\u00edduo isolado e de poucos amigos, Wolverine encontrou uma fam\u00edlia nos X-Men, grupo que se tornou seu ref\u00fagio e esperan\u00e7a. Adotando o pseud\u00f4nimo Logan desde sua juventude, ele se estabeleceu como um membro essencial do time, participando inclusive de miss\u00f5es de resgate cruciais, como a opera\u00e7\u00e3o em Krakoa. Sua intera\u00e7\u00e3o com outros membros, como Tempestade, Colossus e Noturno, bem como seu envolvimento amoroso com Jean Grey e a rivalidade com Ciclope, refor\u00e7aram seu papel como um integrante vital e carism\u00e1tico da equipe.<\/p>\n<h2 class=\"wp-block-heading\">Homem e Fera<\/h2>\n<p>Tem alguma curiosidade sobre o Wolverine que voc\u00ea queira saber? Compartilhe com a gente aqui nos coment\u00e1rios que vamos atr\u00e1s da informa\u00e7\u00e3o para voc\u00ea! \u2935\ufe0f<\/p>\n<p>E <a href=\"https:\/\/loja.animativa.com\/?utm_source=blog&amp;utm_medium=post&amp;utm_campaign=blog2store&amp;utm_content=biografia-wolverine\" target=\"_blank\" rel=\"noopener\">conhe\u00e7a nossas licen\u00e7as exclusivas<\/a>!<\/p>\n\n\n<figure class=\"wp-block-image size-full\"><a href=\"https:\/\/loja.animativa.com\/\"><img fetchpriority=\"high\" decoding=\"async\" width=\"720\" height=\"168\" src=\"https:\/\/www.animativa.com\/wp-content\/uploads\/2024\/07\/3-2-24.jpg\" alt=\"\" class=\"wp-image-33669\" srcset=\"https:\/\/www.animativa.com\/wp-content\/uploads\/2024\/07\/3-2-24.jpg 720w, https:\/\/www.animativa.com\/wp-content\/uploads\/2024\/07\/3-2-24-300x70.jpg 300w, https:\/\/www.animativa.com\/wp-content\/uploads\/2024\/07\/3-2-24-600x140.jpg 600w, https:\/\/www.animativa.com\/wp-content\/uploads\/2024\/07\/3-2-24-210x49.jpg 210w, https:\/\/www.animativa.com\/wp-content\/uploads\/2024\/07\/3-2-24-500x117.jpg 500w, https:\/\/www.animativa.com\/wp-content\/uploads\/2024\/07\/3-2-24-564x132.jpg 564w, https:\/\/www.animativa.com\/wp-content\/uploads\/2024\/07\/3-2-24-150x35.jpg 150w\" sizes=\"(max-width: 720px) 100vw, 720px\" \/><\/a><\/figure>\n\n\n\n<p><\/p>\n","protected":false},"excerpt":{"rendered":"<p>\u201cA natureza me fez uma aberra\u00e7\u00e3o. O homem me fez uma arma. E Deus fez isso durar muito tempo.\u201d Depois da ficha corrida do Deadpool, conhe\u00e7a agora a hist\u00f3ria da fera que \u00e9 o mais adorado entre todos os X-Men \u2013 e talvez entre todos os personagens da Marvel: Wolverine! J\u00e1 parou para se perguntar [&hellip;]<\/p>\n","protected":false},"author":1,"featured_media":30737,"comment_status":"closed","ping_status":"closed","sticky":false,"template":"","format":"standard","meta":{"_acf_changed":false,"content-type":"","footnotes":""},"categories":[1],"tags":[],"class_list":["post-30736","post","type-post","status-publish","format-standard","has-post-thumbnail","hentry","category-nao-categorizado"],"acf":[],"_links":{"self":[{"href":"https:\/\/www.animativa.com\/pt-br\/wp-json\/wp\/v2\/posts\/30736","targetHints":{"allow":["GET"]}}],"collection":[{"href":"https:\/\/www.animativa.com\/pt-br\/wp-json\/wp\/v2\/posts"}],"about":[{"href":"https:\/\/www.animativa.com\/pt-br\/wp-json\/wp\/v2\/types\/post"}],"author":[{"embeddable":true,"href":"https:\/\/www.animativa.com\/pt-br\/wp-json\/wp\/v2\/users\/1"}],"replies":[{"embeddable":true,"href":"https:\/\/www.animativa.com\/pt-br\/wp-json\/wp\/v2\/comments?post=30736"}],"version-history":[{"count":2,"href":"https:\/\/www.animativa.com\/pt-br\/wp-json\/wp\/v2\/posts\/30736\/revisions"}],"predecessor-version":[{"id":34764,"href":"https:\/\/www.animativa.com\/pt-br\/wp-json\/wp\/v2\/posts\/30736\/revisions\/34764"}],"wp:featuredmedia":[{"embeddable":true,"href":"https:\/\/www.animativa.com\/pt-br\/wp-json\/wp\/v2\/media\/30737"}],"wp:attachment":[{"href":"https:\/\/www.animativa.com\/pt-br\/wp-json\/wp\/v2\/media?parent=30736"}],"wp:term":[{"taxonomy":"category","embeddable":true,"href":"https:\/\/www.animativa.com\/pt-br\/wp-json\/wp\/v2\/categories?post=30736"},{"taxonomy":"post_tag","embeddable":true,"href":"https:\/\/www.animativa.com\/pt-br\/wp-json\/wp\/v2\/tags?post=30736"}],"curies":[{"name":"wp","href":"https:\/\/api.w.org\/{rel}","templated":true}]}}