{"id":30816,"date":"2024-07-08T11:53:46","date_gmt":"2024-07-08T14:53:46","guid":{"rendered":"https:\/\/dev.animativa.com\/pt-br\/blog\/tempo-gerenciamento\/"},"modified":"2024-11-14T22:04:30","modified_gmt":"2024-11-15T01:04:30","slug":"tempo-gerenciamento","status":"publish","type":"post","link":"https:\/\/www.animativa.com\/pt-br\/blog\/tempo-gerenciamento\/","title":{"rendered":"Gerenciamento de Tempo: Maneiras de Controlar Esse Recurso T\u00e3o Valioso"},"content":{"rendered":"<p><em>\u201cO tempo \u00e9 o recurso mais escasso e, a menos que seja gerenciado, nada mais pode ser gerenciado.\u201d \u2013 Peter Drucker<\/em><\/p>\n<p>Fam\u00edlia, relacionamento, amigos, trabalho\u2026Voc\u00ea j\u00e1 sentiu que os dias deveriam durar mais para conseguir dar conta de tudo? Ou que os meses e anos t\u00eam passado cada vez mais r\u00e1pido? Um recurso mais importante e valioso do que qualquer outra coisa no mundo \u00e9 o tempo, e, saber como utiliz\u00e1-lo da melhor maneira ao nosso favor, d\u00e1 uma ajuda e tanto para produzir bem e viver melhor.<\/p>\n<h2 class=\"wp-block-heading\">O Que \u00c9 Gerenciamento de Tempo<\/h2>\n<p>Gest\u00e3o de tempo \u00e9 planejar e executar um controle de quanto tempo se gasta com determinadas atividades, visando ganhar efici\u00eancia e produtividade.<\/p>\n<p>Ao ter consci\u00eancia da quantidade de tempo para cada tarefa, \u00e9 poss\u00edvel definir prioridades, prazos e metas e isso ajudar\u00e1 a manter a organiza\u00e7\u00e3o e evitar atrasos, tanto nos nossos conv\u00edvios quanto nos nossos trabalhos. Mas a grande quest\u00e3o n\u00e3o \u00e9 saber o que \u00e9 gest\u00e3o de tempo, mas colocar esse conceito em pr\u00e1tica.<\/p>\n<h2 class=\"wp-block-heading\">Gerenciamento de Tempo x Qualidade de Vida<\/h2>\n<p>A gest\u00e3o de tempo, a produtividade e a qualidade de vida s\u00e3o tr\u00eas elementos que est\u00e3o conectados. Isso acontece pelo pr\u00f3prio efeito de se gerenciar o tempo: ao usar melhor as horas que voc\u00ea tem, voc\u00ea consegue produzir mais em menos tempo. E essa a\u00e7\u00e3o tem total rela\u00e7\u00e3o com a produtividade. Na pr\u00e1tica, o entendimento mais comum sobre esse termo \u00e9 de que ele diz respeito \u00e0 capacidade de produ\u00e7\u00e3o com o tempo que se tem.<\/p>\n<p>Ou seja, para ter <a href=\"https:\/\/www.animativa.com\/pt-br\/blog\/aplicativos-para-organizacao-e-produtividade\/\" data-type=\"link\" data-id=\"https:\/\/www.animativa.com\/pt-br\/blog\/aplicativos-para-organizacao-e-produtividade\/\">produtividade<\/a>, \u00e9 preciso saber gerenciar o tempo. Estabelecer essa conex\u00e3o envolve entender que a produtividade n\u00e3o significa necessariamente realizar diversas atividades ao mesmo tempo. Ela significa saber fazer o melhor uso das horas para entregar, sem passar de um limite saud\u00e1vel. Por isso tamb\u00e9m, uma consequ\u00eancia direta da gest\u00e3o de tempo e da produtividade \u00e9 a qualidade de vida. Apesar de todas as pessoas terem as mesmas 24 horas no dia, isso n\u00e3o significa que o aproveitamento \u00e9 o mesmo para todo mundo.<\/p>\n<p>E as pessoas que sabem fazer melhor em menos tempo ganham com isso. Por essa raz\u00e3o, quem consegue ter uma maior produtividade no trabalho passa a se beneficiar disso dentro e fora dele. Essa liberdade de tempo permite evoluir a qualidade de vida. Afinal, a pessoa que realiza uma boa gest\u00e3o de tempo consegue ter mais tempo para equilibrar as quest\u00f5es profissionais e pessoais.<\/p>\n<h2 class=\"wp-block-heading\">Benef\u00edcios do Gerenciamento de Tempo<\/h2>\n<div class=\"wp-block-image\">\n<figure class=\"aligncenter size-large\"><img fetchpriority=\"high\" decoding=\"async\" class=\"wp-image-13771\" title=\"\" src=\"https:\/\/www.animativa.com\/wp-content\/uploads\/2024\/07\/tempo-1024x726.jpg\" alt=\"tempo\" width=\"1024\" height=\"726\" \/><\/figure>\n<\/div>\n<h3 class=\"wp-block-heading\">\u2705 Efici\u00eancias<\/h3>\n<p>Um ciclo de organiza\u00e7\u00e3o naturalmente facilita o fluxo das tarefas, aumentando tanto a velocidade quanto a qualidade. Na pr\u00e1tica, isso nos torna mais eficientes nas demandas do dia a dia.<\/p>\n<h3 class=\"wp-block-heading\">\u2705 Prazos<\/h3>\n<p>J\u00e1 perdeu o prazo de entrega de um trabalho importante e precisou solicitar mais tempo? Com uma gest\u00e3o eficaz do tempo, essa situa\u00e7\u00e3o fica mais distante. A otimiza\u00e7\u00e3o das tarefas garante que os prazos sejam cumpridos, melhorando todo o ecossistema produtivo da empresa.<\/p>\n<h3 class=\"wp-block-heading\">\u2705 Sem Stress<\/h3>\n<p>Um cronograma te deixa ciente das atividades que precisam ser realizadas. Isso ajuda a evitar ansiedade, estresse e sobrecarga, j\u00e1 que voc\u00ea sabe que tem um tempo espec\u00edfico para cumprir cada compromisso.<\/p>\n<h3 class=\"wp-block-heading\">\u2705 Confian\u00e7a<\/h3>\n<p>Saber gerenciar o tempo e priorizar tarefas importantes \u00e9 uma habilidade altamente valorizada no mercado de trabalho. Isso aumenta sua<a href=\"https:\/\/www.vittude.com\/blog\/confianca-como-construir-dentro-das-empresas\/\" target=\"_blank\" rel=\"noopener\" data-type=\"link\" data-id=\"https:\/\/www.vittude.com\/blog\/confianca-como-construir-dentro-das-empresas\/\"> confian\u00e7a profissional,<\/a> permitindo que voc\u00ea busque desafios maiores.<\/p>\n<h3 class=\"wp-block-heading\">\u2705 Resultados Positivos<\/h3>\n<p>Com organiza\u00e7\u00e3o e dedica\u00e7\u00e3o, os bons resultados tendem a surgir naturalmente. As metas s\u00e3o alcan\u00e7adas mais facilmente, beneficiando tanto a empresa quanto o colaborador com um saldo positivo.<\/p>\n<h2 class=\"wp-block-heading\">M\u00e9todos de Gerenciamento de Tempo No Trabalho<\/h2>\n<p>Existem diversos m\u00e9todos cient\u00edficos de gerenciamento de tempo, cada um com uma abordagem e proposta. N\u00f3s separamos dois dos que mais gostamos para te apresentar:<\/p>\n<h3 class=\"wp-block-heading\">1. Kanban<\/h3>\n<p>O <a href=\"https:\/\/rockcontent.com\/br\/blog\/kanban\/\" target=\"_blank\" rel=\"noopener\">Kanban<\/a> vai al\u00e9m da simples gest\u00e3o do tempo, sendo uma metodologia de gerenciamento de projetos que grandes empresas j\u00e1 usam. Sua vers\u00e3o mais simplificada pode ser utilizada para organizar o cotidiano, tanto pessoal quanto profissionalmente. A t\u00e9cnica envolve agrupar todas as tarefas em quadros e dividir seu status por meio de listas espec\u00edficas.<\/p>\n<h3 class=\"wp-block-heading\">2. Pomodoro<\/h3>\n<p>O m\u00e9todo <a href=\"https:\/\/conexao.pucminas.br\/blog\/dicas\/metodo-pomodoro-de-estudo\/#:~:text=O%20M%C3%A9todo%20Pomodoro%20%C3%A9%20um,de%2015%20a%2030%20minutos.\" target=\"_blank\" rel=\"noopener\">Pomodoro<\/a>, desenvolvido na d\u00e9cada de 1980, prop\u00f5e a divis\u00e3o do fluxo de trabalho em per\u00edodos curtos e focados. A cada 25 minutos de trabalho, faz-se uma pausa de 5 minutos. Ap\u00f3s completar quatro \u201cpomodoros\u201d, h\u00e1 um intervalo mais longo, de aproximadamente trinta minutos. Este ciclo se repete at\u00e9 que a tarefa seja conclu\u00edda. A t\u00e9cnica visa manter o c\u00e9rebro mais \u00e1gil e reduzir a dispers\u00e3o que ocorre quando permanecemos muito tempo focados em uma \u00fanica atividade.<\/p>\n<h2 class=\"wp-block-heading\">Aplica\u00e7\u00e3o<\/h2>\n<p><iframe title=\"Gest\u00e3o de tempo e planejamento\" width=\"500\" height=\"281\" src=\"https:\/\/www.youtube.com\/embed\/PzUZsoyMXuY?feature=oembed\" frameborder=\"0\" allow=\"accelerometer; autoplay; clipboard-write; encrypted-media; gyroscope; picture-in-picture; web-share\" referrerpolicy=\"strict-origin-when-cross-origin\" allowfullscreen><\/iframe><\/p>\n<p>Os <a href=\"https:\/\/www.animativa.com\/pt-br\/blog\/aplicativos-para-organizacao-e-produtividade\/\">aplicativos podem ser grandes aliados no gerenciamento de tempo<\/a>, mas, o que d\u00e1 mais resultado \u00e9 colocar em pr\u00e1tica algumas t\u00e9cnicas:<\/p>\n<h3 class=\"wp-block-heading\">\u2022 Planejamento<\/h3>\n<p>O primeiro passo \u00e9 delinear suas a\u00e7\u00f5es futuras. Isso se aplica tanto \u00e0 vida profissional quanto pessoal, pois uma complementa a outra.<\/p>\n<h3 class=\"wp-block-heading\">\u2022 Metas e Objetivos<\/h3>\n<p>Sempre tenha em mente suas metas e objetivos. Por exemplo, se voc\u00ea precisa concluir todos os relat\u00f3rios at\u00e9 o final do m\u00eas, estabele\u00e7a isso como uma meta e, por meio do planejamento, conseguir\u00e1 alcan\u00e7ar.<\/p>\n<h3 class=\"wp-block-heading\">\u2022 Prazos<\/h3>\n<p>Estabelecer prazos \u00e9 essencial para uma boa gest\u00e3o do tempo. Sem eles, voc\u00ea corre o risco de cair em um h\u00e1bito nada produtivo: a procrastina\u00e7\u00e3o.<\/p>\n<h3 class=\"wp-block-heading\">\u2022 Prioriza\u00e7\u00e3o de Tarefas<\/h3>\n<p>Determine quais atividades s\u00e3o mais importantes e concentre-se em complet\u00e1-las primeiro. Assim, voc\u00ea consegue gerenciar suas tarefas e finalizar suas demandas de forma sequencial.<\/p>\n<h3 class=\"wp-block-heading\">\u2022 Delega\u00e7\u00e3o de tarefas<\/h3>\n<p>N\u00e3o \u00e9 necess\u00e1rio fazer tudo sozinho. Delegue as tarefas que outras pessoas podem executar.<\/p>\n<p><strong>MAIS:<\/strong> <a href=\"https:\/\/www.animativa.com\/pt-br\/blog\/gerenciamento-de-tempo-tecnicas-eficazes-com-agenda\/\">Maximizando a Produtividade com Agendas: T\u00e9cnicas de Gerenciamento de Tempo<\/a><\/p>\n<h2 class=\"wp-block-heading\">Tic, Tac, Tic, Tac\u2026<\/h2>\n<p>T\u00e1 cansado de perder tempo? Ent\u00e3o <a href=\"https:\/\/conteudo.animativa.com\/tudo-para-o-seu-negocio?utm_source=blog&amp;utm_medium=post&amp;utm_campaign=blog2lp&amp;utm_content=gerenciamento-de-tempo\" target=\"_blank\" rel=\"noopener\">clique aqui<\/a> e descubra como podemos te ajudar!<\/p>\n","protected":false},"excerpt":{"rendered":"<p>\u201cO tempo \u00e9 o recurso mais escasso e, a menos que seja gerenciado, nada mais pode ser gerenciado.\u201d \u2013 Peter Drucker Fam\u00edlia, relacionamento, amigos, trabalho\u2026Voc\u00ea j\u00e1 sentiu que os dias deveriam durar mais para conseguir dar conta de tudo? Ou que os meses e anos t\u00eam passado cada vez mais r\u00e1pido? Um recurso mais importante [&hellip;]<\/p>\n","protected":false},"author":1,"featured_media":30817,"comment_status":"closed","ping_status":"closed","sticky":false,"template":"","format":"standard","meta":{"_acf_changed":false,"content-type":"","footnotes":""},"categories":[1],"tags":[108],"class_list":["post-30816","post","type-post","status-publish","format-standard","has-post-thumbnail","hentry","category-nao-categorizado","tag-animativa"],"acf":[],"_links":{"self":[{"href":"https:\/\/www.animativa.com\/pt-br\/wp-json\/wp\/v2\/posts\/30816","targetHints":{"allow":["GET"]}}],"collection":[{"href":"https:\/\/www.animativa.com\/pt-br\/wp-json\/wp\/v2\/posts"}],"about":[{"href":"https:\/\/www.animativa.com\/pt-br\/wp-json\/wp\/v2\/types\/post"}],"author":[{"embeddable":true,"href":"https:\/\/www.animativa.com\/pt-br\/wp-json\/wp\/v2\/users\/1"}],"replies":[{"embeddable":true,"href":"https:\/\/www.animativa.com\/pt-br\/wp-json\/wp\/v2\/comments?post=30816"}],"version-history":[{"count":2,"href":"https:\/\/www.animativa.com\/pt-br\/wp-json\/wp\/v2\/posts\/30816\/revisions"}],"predecessor-version":[{"id":34748,"href":"https:\/\/www.animativa.com\/pt-br\/wp-json\/wp\/v2\/posts\/30816\/revisions\/34748"}],"wp:featuredmedia":[{"embeddable":true,"href":"https:\/\/www.animativa.com\/pt-br\/wp-json\/wp\/v2\/media\/30817"}],"wp:attachment":[{"href":"https:\/\/www.animativa.com\/pt-br\/wp-json\/wp\/v2\/media?parent=30816"}],"wp:term":[{"taxonomy":"category","embeddable":true,"href":"https:\/\/www.animativa.com\/pt-br\/wp-json\/wp\/v2\/categories?post=30816"},{"taxonomy":"post_tag","embeddable":true,"href":"https:\/\/www.animativa.com\/pt-br\/wp-json\/wp\/v2\/tags?post=30816"}],"curies":[{"name":"wp","href":"https:\/\/api.w.org\/{rel}","templated":true}]}}