{"id":30872,"date":"2024-06-29T10:00:00","date_gmt":"2024-06-29T13:00:00","guid":{"rendered":"https:\/\/dev.animativa.com\/pt-br\/blog\/filmes-de-terror-mais-assustadores-de-todos-os-tempos\/"},"modified":"2024-11-14T21:09:10","modified_gmt":"2024-11-15T00:09:10","slug":"filmes-de-terror-mais-assustadores-de-todos-os-tempos","status":"publish","type":"post","link":"https:\/\/www.animativa.com\/pt-br\/blog\/filmes-de-terror-mais-assustadores-de-todos-os-tempos\/","title":{"rendered":"Os 10 filmes de terror mais assustadores de todos os tempos"},"content":{"rendered":"<p>Se tem um g\u00eanero de cinema que desperta paix\u00e3o e desprezo em uma mesma propor\u00e7\u00e3o, este g\u00eanero \u00e9 o terror. A gente aqui \u00e9 do grupo que ama um longa trash, hist\u00f3rias de serial killers e sustos. Muito sustos. Embora a linha entre um<a href=\"https:\/\/www.animativa.com\/pt-br\/blog\/mes-do-cinema-brasileiro\/\" data-type=\"link\" data-id=\"https:\/\/www.animativa.com\/pt-br\/blog\/mes-do-cinema-brasileiro\/\"> filme<\/a> aclamado e uma obra tosca seja t\u00eanue, e n\u00e3o exista certo ou errado quando se trata de arte, existe um certo consenso quando o assunto \u00e9 sobre os melhores e mais assustadores filmes de terror de todos os tempos.<\/p>\n<h2 class=\"wp-block-heading\">Origem dos Filmes de Terror<\/h2>\n<p>O pioneiro dos filmes de terror no cinema foi o renomado cineasta franc\u00eas George Melies, que em 1896 apresentou \u201cO Castelo do Dem\u00f4nio\u201d. Outro marco significativo no cinema foi \u201cO Gabinete do Dr. Caligari\u201d, de 1919, dirigido por Robert Wiene. Este filme, uma pe\u00e7a ic\u00f4nica do expressionismo alem\u00e3o, juntamente com \u201cNosferatu\u201d de W. Murnau em 1922, estabeleceu as bases para o futuro do cinema de terror, com sua atmosfera sobrenatural e est\u00e9tica g\u00f3tica.<\/p>\n<p>Os est\u00fadios de <a href=\"https:\/\/pt.wikipedia.org\/wiki\/Hollywood\" target=\"_blank\" rel=\"noopener\" data-type=\"link\" data-id=\"https:\/\/pt.wikipedia.org\/wiki\/Hollywood\">Hollywood<\/a>, contudo, mostravam-se inicialmente hesitantes em abra\u00e7ar o g\u00eanero terror. Lon Chaney, conhecido como \u201co homem de mil faces\u201d devido \u00e0 sua habilidade em interpretar uma vasta gama de personagens, foi um dos principais impulsionadores dos filmes de terror. Ele protagonizou v\u00e1rios filmes ic\u00f4nicos na d\u00e9cada de 1920, incluindo \u201cO Corcunda de Notre Dame\u201d em 1923, onde sua representa\u00e7\u00e3o de Quas\u00edmodo tornou-se uma refer\u00eancia do cinema mudo, e \u201cO Fantasma da \u00d3pera\u201d em 1925, no papel do tr\u00e1gico Erik. Outro grande cl\u00e1ssico da \u00e9poca foi a primeira vers\u00e3o de \u201cO M\u00e9dico e o Monstro\u201d, de 1920.<\/p>\n<h2 class=\"wp-block-heading\">Os Filmes Mais Assustadores de Todos os Tempos<\/h2>\n<h3 class=\"wp-block-heading\">A Centopeia Humana<\/h3>\n<figure class=\"wp-block-image size-full\"><img fetchpriority=\"high\" decoding=\"async\" class=\"wp-image-13582\" title=\"\" src=\"https:\/\/www.animativa.com\/wp-content\/uploads\/2024\/06\/a-centopeia-humana.jpg\" alt=\"A Centopeia Humana\" width=\"696\" height=\"385\" \/><\/figure>\n<p>A Centopeia Humana e sua sequ\u00eancia de 2011 destacam-se como alguns dos filmes mais perturbadores e aterrorizantes j\u00e1 feitos. Dirigido por Tom Six, o enredo narra a hist\u00f3ria de duas americanas perdidas em uma floresta alem\u00e3 sombria que acabam na casa de um cirurgi\u00e3o maligno com planos horr\u00edveis de transform\u00e1-las em uma centopeia humana. \u00c9 bizarro.<\/p>\n<h3 class=\"wp-block-heading\">A Hora do Pesadelo<\/h3>\n<figure class=\"wp-block-image size-large\"><img decoding=\"async\" class=\"wp-image-13583\" title=\"\" src=\"https:\/\/www.animativa.com\/wp-content\/uploads\/2024\/06\/a-hora-do-pesadelo-1024x576.jpg\" alt=\"A Hora do Pesadelo\" width=\"1024\" height=\"576\" \/><\/figure>\n<p>A influ\u00eancia de A Hora do Pesadelo, escrita e dirigida por Wes Craven nos anos 1980, \u00e9 indiscut\u00edvel. Este filme apresentou ao mundo o ic\u00f4nico vil\u00e3o Freddy Krueger e deu origem a uma franquia de sucesso com v\u00e1rias sequ\u00eancias aterrorizantes. O enredo segue v\u00e1rias pessoas perseguidas em seus sonhos por um assassino em s\u00e9rie, enquanto tentam descobrir por que foram escolhidas como v\u00edtimas. Quem nunca ficou com medo de dormir depois de assistir A Hora do Pesadelo escondido?<\/p>\n<h3 class=\"wp-block-heading\">Hellraiser<\/h3>\n<figure class=\"wp-block-image size-large\"><img decoding=\"async\" class=\"wp-image-13584\" title=\"\" src=\"https:\/\/www.animativa.com\/wp-content\/uploads\/2024\/06\/hellraiser-1024x576.jpg\" alt=\"Hellraiser\" width=\"1024\" height=\"576\" \/><\/figure>\n<p>Assim como A Hora do Pesadelo, tamb\u00e9m foi um filme marcante nos anos 80. Criado por Clive Barker, iniciou uma franquia de sucesso que ajudou a definir o g\u00eanero. O longa introduz um universo de horrores macabros personificados pelos cenobitas, liderados pelo inesquec\u00edvel vil\u00e3o Pinhead, ensinando que certos quebra-cabe\u00e7as nunca devem ser solucionados.<\/p>\n<h3 class=\"wp-block-heading\">O Exorcista<\/h3>\n<figure class=\"wp-block-image size-large\"><img loading=\"lazy\" decoding=\"async\" class=\"wp-image-13585\" title=\"\" src=\"https:\/\/www.animativa.com\/wp-content\/uploads\/2024\/06\/o-exorcista-1024x444.webp\" alt=\"O Exorcista\" width=\"1024\" height=\"444\" \/><\/figure>\n<p>Este talvez seja o filme de terror mais assustador da hist\u00f3ria do cinema. As pessoas deixaram o cinema, cara! Dirigido por William Friedkin, segue uma jovem possu\u00edda e um padre tentando ajud\u00e1-la, enfrentando seus pr\u00f3prios dem\u00f4nios. At\u00e9 hoje, o filme \u00e9 capaz de provocar desconforto, por conta de sua narrativa e conex\u00e3o com as cren\u00e7as das pessoas.<\/p>\n<h3 class=\"wp-block-heading\">Anticristo<\/h3>\n<div class=\"wp-block-image\">\n<figure class=\"aligncenter size-full\"><img loading=\"lazy\" decoding=\"async\" class=\"wp-image-13586\" title=\"\" src=\"https:\/\/www.animativa.com\/wp-content\/uploads\/2024\/06\/anticristo.jpg\" alt=\"Anticristo\" width=\"535\" height=\"335\" \/><\/figure>\n<\/div>\n<p>Em Anticristo de Lars Von Trier, um casal se isola em um casebre ap\u00f3s a morte tr\u00e1gica de seu filho. Eles enfrentam perturba\u00e7\u00f5es profundas que testam suas cren\u00e7as. Conhecido por seu estilo provocativo, Von Trier explora temas desconfort\u00e1veis que desafiam atores e espectadores.<\/p>\n<h3 class=\"wp-block-heading\">Boa Noite, Mam\u00e3e<\/h3>\n<div class=\"wp-block-image\">\n<figure class=\"aligncenter size-full\"><img loading=\"lazy\" decoding=\"async\" class=\"wp-image-13587\" title=\"\" src=\"https:\/\/www.animativa.com\/wp-content\/uploads\/2024\/06\/boa-noite-mamae.webp\" alt=\"Boa Noite, Mam\u00e3e\" width=\"600\" height=\"348\" \/><\/figure>\n<\/div>\n<p>Boa Noite, Mam\u00e3e, dos cineastas austr\u00edacos Veronika Franz e Severin Fiala, narra a hist\u00f3ria de dois irm\u00e3os que suspeitam que sua m\u00e3e, rec\u00e9m-retornada de uma cirurgia pl\u00e1stica, seja uma impostora. O filme provocou choque e desmaios entre o p\u00fablico devido a suas intensas cenas.<\/p>\n<h3 class=\"wp-block-heading\">Cuidado com Quem Chama<\/h3>\n<figure class=\"wp-block-image size-large\"><img loading=\"lazy\" decoding=\"async\" class=\"wp-image-13588\" title=\"\" src=\"https:\/\/www.animativa.com\/wp-content\/uploads\/2024\/06\/cuidado-com-quem-chama-1024x576.jpg\" alt=\"Cuidado com Quem Chama\" width=\"1024\" height=\"576\" \/><\/figure>\n<p>O filme foi feito durante a pandemia ao utilizar a plataforma Zoom para narrar sua hist\u00f3ria. A obra come\u00e7a de maneira inocente, com um grupo de amigas tentando quebrar a monotonia do lockdown com uma sess\u00e3o esp\u00edrita online. No entanto, o que inicialmente parece ser apenas uma brincadeira divertida rapidamente se transforma em um pesadelo aterrador, conforme entidades sobrenaturais come\u00e7am a manifestar-se de maneira violenta e perturbadora.<\/p>\n<h3 class=\"wp-block-heading\">Halloween \u2013 A Noite do Terror<\/h3>\n<figure class=\"wp-block-image size-large\"><img loading=\"lazy\" decoding=\"async\" class=\"wp-image-13589\" title=\"\" src=\"https:\/\/www.animativa.com\/wp-content\/uploads\/2024\/06\/halloween-a-noite-do-terror-1024x468.jpg\" alt=\"Halloween - A Noite do Terror\" width=\"1024\" height=\"468\" \/><\/figure>\n<p>Dirigido por John Carpenter, \u00e9 um cl\u00e1ssico do terror que narra a hist\u00f3ria de Michael Myers, que retorna \u00e0 sua cidade natal para continuar uma s\u00e9rie de crimes ap\u00f3s escapar de um instituto psiqui\u00e1trico. Um festival de sustos, atua\u00e7\u00e3o de gala de Jamie Lee Curtis e cenas marcantes. Tudo isso faz de Halloween um dos melhores filmes do g\u00eanero.<\/p>\n<h3 class=\"wp-block-heading\">Corra!<\/h3>\n<figure class=\"wp-block-image size-large\"><img loading=\"lazy\" decoding=\"async\" class=\"wp-image-13590\" title=\"\" src=\"https:\/\/www.animativa.com\/wp-content\/uploads\/2024\/06\/corra-1024x576.webp\" alt=\"Corra!\" width=\"1024\" height=\"576\" \/><\/figure>\n<p>Corra! \u00e9 um thriller psicol\u00f3gico dirigido por Jordan Peele, que revela uma trama engenhosamente constru\u00edda que usa o horror para comentar sobre quest\u00f5es contempor\u00e2neas de ra\u00e7a e identidade. O filme conta a hist\u00f3ria de Chris, um jovem negro que visita a fam\u00edlia de sua namorada branca, descobrindo gradualmente que h\u00e1 motiva\u00e7\u00f5es sinistras por tr\u00e1s de sua aparente cordialidade.<\/p>\n<h3 class=\"wp-block-heading\">M\u00e1rtires<\/h3>\n<figure class=\"wp-block-image size-large\"><img loading=\"lazy\" decoding=\"async\" class=\"wp-image-13591\" title=\"\" src=\"https:\/\/www.animativa.com\/wp-content\/uploads\/2024\/06\/martires-1024x683.jpg\" alt=\"M\u00e1rtires\" width=\"1024\" height=\"683\" \/><\/figure>\n<p>M\u00e1rtires, dirigido por Pascal Laugier, \u00e9 uma obra visceral e perturbadora que mergulha nas profundezas do terror humano e psicol\u00f3gico. O filme segue a intensa jornada de uma jovem em busca de vingan\u00e7a contra as pessoas que a sequestraram e torturaram quando crian\u00e7a. Acompanhada por uma amiga, que tamb\u00e9m sofreu abusos, sua busca leva-as a confrontar seus pr\u00f3prios traumas e a descobrir uma verdade ainda mais terr\u00edvel.<\/p>\n<h2 class=\"wp-block-heading\">\ud83d\udcde: \u201cQual o seu filme de terror favorito?\u201d<\/h2>\n<p>Voc\u00ea tamb\u00e9m curte um filme de terror? Conta pra gente: qual n\u00e3o poderia ter ficado de fora da nossa lista? \u2935\ufe0f<\/p>\n<p><a href=\"https:\/\/loja.animativa.com\/\"><img loading=\"lazy\" decoding=\"async\" class=\"alignnone  wp-image-34691\" src=\"https:\/\/www.animativa.com\/wp-content\/uploads\/2024\/06\/3-1-9-1-300x70.jpg\" alt=\"\" width=\"540\" height=\"126\" srcset=\"https:\/\/www.animativa.com\/wp-content\/uploads\/2024\/06\/3-1-9-1-300x70.jpg 300w, https:\/\/www.animativa.com\/wp-content\/uploads\/2024\/06\/3-1-9-1-600x140.jpg 600w, https:\/\/www.animativa.com\/wp-content\/uploads\/2024\/06\/3-1-9-1-210x49.jpg 210w, https:\/\/www.animativa.com\/wp-content\/uploads\/2024\/06\/3-1-9-1-500x117.jpg 500w, https:\/\/www.animativa.com\/wp-content\/uploads\/2024\/06\/3-1-9-1-564x132.jpg 564w, https:\/\/www.animativa.com\/wp-content\/uploads\/2024\/06\/3-1-9-1-150x35.jpg 150w, https:\/\/www.animativa.com\/wp-content\/uploads\/2024\/06\/3-1-9-1.jpg 720w\" sizes=\"(max-width: 540px) 100vw, 540px\" \/><\/a><\/p>\n","protected":false},"excerpt":{"rendered":"<p>Se tem um g\u00eanero de cinema que desperta paix\u00e3o e desprezo em uma mesma propor\u00e7\u00e3o, este g\u00eanero \u00e9 o terror. A gente aqui \u00e9 do grupo que ama um longa trash, hist\u00f3rias de serial killers e sustos. Muito sustos. Embora a linha entre um filme aclamado e uma obra tosca seja t\u00eanue, e n\u00e3o exista [&hellip;]<\/p>\n","protected":false},"author":1,"featured_media":30873,"comment_status":"closed","ping_status":"closed","sticky":false,"template":"","format":"standard","meta":{"_acf_changed":false,"content-type":"","footnotes":""},"categories":[1],"tags":[108],"class_list":["post-30872","post","type-post","status-publish","format-standard","has-post-thumbnail","hentry","category-nao-categorizado","tag-animativa"],"acf":[],"_links":{"self":[{"href":"https:\/\/www.animativa.com\/pt-br\/wp-json\/wp\/v2\/posts\/30872","targetHints":{"allow":["GET"]}}],"collection":[{"href":"https:\/\/www.animativa.com\/pt-br\/wp-json\/wp\/v2\/posts"}],"about":[{"href":"https:\/\/www.animativa.com\/pt-br\/wp-json\/wp\/v2\/types\/post"}],"author":[{"embeddable":true,"href":"https:\/\/www.animativa.com\/pt-br\/wp-json\/wp\/v2\/users\/1"}],"replies":[{"embeddable":true,"href":"https:\/\/www.animativa.com\/pt-br\/wp-json\/wp\/v2\/comments?post=30872"}],"version-history":[{"count":2,"href":"https:\/\/www.animativa.com\/pt-br\/wp-json\/wp\/v2\/posts\/30872\/revisions"}],"predecessor-version":[{"id":34711,"href":"https:\/\/www.animativa.com\/pt-br\/wp-json\/wp\/v2\/posts\/30872\/revisions\/34711"}],"wp:featuredmedia":[{"embeddable":true,"href":"https:\/\/www.animativa.com\/pt-br\/wp-json\/wp\/v2\/media\/30873"}],"wp:attachment":[{"href":"https:\/\/www.animativa.com\/pt-br\/wp-json\/wp\/v2\/media?parent=30872"}],"wp:term":[{"taxonomy":"category","embeddable":true,"href":"https:\/\/www.animativa.com\/pt-br\/wp-json\/wp\/v2\/categories?post=30872"},{"taxonomy":"post_tag","embeddable":true,"href":"https:\/\/www.animativa.com\/pt-br\/wp-json\/wp\/v2\/tags?post=30872"}],"curies":[{"name":"wp","href":"https:\/\/api.w.org\/{rel}","templated":true}]}}